{"id":27559,"date":"2023-10-03T16:28:27","date_gmt":"2023-10-03T19:28:27","guid":{"rendered":"https:\/\/chacosintesis.com.ar\/?p=27559"},"modified":"2023-10-03T16:36:44","modified_gmt":"2023-10-03T19:36:44","slug":"monsenor-dus-recibio-a-leandro-zdero-y-le-entrego-una-imagen-del-santo-cura-brochero","status":"publish","type":"post","link":"https:\/\/chacosintesis.com.ar\/index.php\/monsenor-dus-recibio-a-leandro-zdero-y-le-entrego-una-imagen-del-santo-cura-brochero\/","title":{"rendered":"Monse\u00f1or Dus recibi\u00f3 a Leandro Zdero y le entreg\u00f3 una imagen del santo Cura Brochero"},"content":{"rendered":"<div class=\"postie-post\">La imagen obsequiada lleva la firma del Papa Francisco. \u201cLa construcci\u00f3n es entre todos, el Chaco es de todos y creemos que es posible lograr esa paz social\u201d, indic\u00f3 el gobernador electo.<br \/>\nEl gobernador electo de la provincia del Chaco, Leandro Zdero, fue recibido por el arzobispo de la Arquidi\u00f3cesis de Resistencia, monse\u00f1or Ram\u00f3n Alfredo Dus.  En la oportunidad, el arzobispo Dus le entreg\u00f3 una imagen del santo Cura Brochero, que lleva la firma del Papa Francisco. \u201cMuy agradecido por este recibimiento y por este presente; por una construcci\u00f3n con esperanza y con fe, puesta en valores fundamentalmente. La construcci\u00f3n es entre todos, el Chaco es de todos y creemos que es posible lograr esa paz social\u201d, indic\u00f3 Zdero.<br \/>\nA su turno, monse\u00f1or Dus lo felicit\u00f3 por el triunfo electoral: \u201cTengo el gusto de recibir aqu\u00ed, en nuestra casa, al nuevo gobernador de la provincia del Chaco, quien iniciar\u00e1 este nuevo periodo democr\u00e1tico. Que vayamos tambi\u00e9n madurando con nuestras experiencias, con este protagonismo democr\u00e1tico que ha tenido la gente de vivir un destino que construimos entre todos y el compromiso de la iglesia tambi\u00e9n, como agente y como parte de la ciudadan\u00eda, colaborando desde nuestro lugar\u201d, concluy\u00f3 el religioso.<\/div>\n","protected":false},"excerpt":{"rendered":"<p>La imagen obsequiada lleva la firma del Papa Francisco. \u201cLa construcci\u00f3n es entre todos, el Chaco es de todos y creemos que es posible lograr esa paz social\u201d, indic\u00f3 el gobernador electo. El gobernador electo de la provincia del Chaco, Leandro Zdero, fue recibido por el arzobispo de la Arquidi\u00f3cesis de Resistencia, monse\u00f1or Ram\u00f3n Alfredo [&hellip;]<\/p>\n","protected":false},"author":1,"featured_media":27560,"comment_status":"closed","ping_status":"closed","sticky":false,"template":"","format":"standard","meta":{"footnotes":""},"categories":[6],"tags":[],"class_list":{"0":"post-27559","1":"post","2":"type-post","3":"status-publish","4":"format-standard","5":"has-post-thumbnail","7":"category-chaco"},"_links":{"self":[{"href":"https:\/\/chacosintesis.com.ar\/index.php\/wp-json\/wp\/v2\/posts\/27559","targetHints":{"allow":["GET"]}}],"collection":[{"href":"https:\/\/chacosintesis.com.ar\/index.php\/wp-json\/wp\/v2\/posts"}],"about":[{"href":"https:\/\/chacosintesis.com.ar\/index.php\/wp-json\/wp\/v2\/types\/post"}],"author":[{"embeddable":true,"href":"https:\/\/chacosintesis.com.ar\/index.php\/wp-json\/wp\/v2\/users\/1"}],"replies":[{"embeddable":true,"href":"https:\/\/chacosintesis.com.ar\/index.php\/wp-json\/wp\/v2\/comments?post=27559"}],"version-history":[{"count":0,"href":"https:\/\/chacosintesis.com.ar\/index.php\/wp-json\/wp\/v2\/posts\/27559\/revisions"}],"wp:featuredmedia":[{"embeddable":true,"href":"https:\/\/chacosintesis.com.ar\/index.php\/wp-json\/wp\/v2\/media\/27560"}],"wp:attachment":[{"href":"https:\/\/chacosintesis.com.ar\/index.php\/wp-json\/wp\/v2\/media?parent=27559"}],"wp:term":[{"taxonomy":"category","embeddable":true,"href":"https:\/\/chacosintesis.com.ar\/index.php\/wp-json\/wp\/v2\/categories?post=27559"},{"taxonomy":"post_tag","embeddable":true,"href":"https:\/\/chacosintesis.com.ar\/index.php\/wp-json\/wp\/v2\/tags?post=27559"}],"curies":[{"name":"wp","href":"https:\/\/api.w.org\/{rel}","templated":true}]}}