{"id":27555,"date":"2023-10-03T10:02:52","date_gmt":"2023-10-03T13:02:52","guid":{"rendered":"https:\/\/chacosintesis.com.ar\/?p=27555"},"modified":"2023-10-03T10:06:41","modified_gmt":"2023-10-03T13:06:41","slug":"zdero-fue-recibido-por-monsenor-dus","status":"publish","type":"post","link":"https:\/\/chacosintesis.com.ar\/index.php\/zdero-fue-recibido-por-monsenor-dus\/","title":{"rendered":"Zdero fue recibido por Monse\u00f1or Dus"},"content":{"rendered":"<div class=\"postie-post\">El gobernador electo Leandro Zdero, fue recibido por el Arzobispo de la Arquidi\u00f3cesis de Resistencia, Monse\u00f1or Ram\u00f3n Alfredo Dus, en la calle Mitre al 363. \u201cMuy agradecido por este recibimiento y por este presente; por una construcci\u00f3n con esperanza y con fe, puesta en valores fundamentalmente. La construcci\u00f3n es entre todos, el Chaco es de todos, y creemos que es posible lograr esa paz social\u201d- indic\u00f3 Zdero.<\/p>\n<p>En el marco de este encuentro, realizado ayer por la tarde, el Arzobispo Dus le entreg\u00f3 a Zdero una imagen del Santo Cura Brochero que lleva la firma del Papa Francisco, lo felicit\u00f3 y manifest\u00f3 adem\u00e1s \u201ctener el gusto de recibir aqu\u00ed, en nuestra casa, al nuevo Gobernador de la provincia del Chaco, quien iniciar\u00e1 este nuevo periodo democr\u00e1tico. Que vayamos tambi\u00e9n madurando con nuestras experiencias, con este protagonismo democr\u00e1tico que ha tenido la gente de vivir un destino que construimos entre todos y el compromiso de la iglesia tambi\u00e9n, como agente y como parte de la ciudadan\u00eda, colaborando desde nuestro lugar\u201d.<\/p><\/div>\n","protected":false},"excerpt":{"rendered":"<p>El gobernador electo Leandro Zdero, fue recibido por el Arzobispo de la Arquidi\u00f3cesis de Resistencia, Monse\u00f1or Ram\u00f3n Alfredo Dus, en la calle Mitre al 363. \u201cMuy agradecido por este recibimiento y por este presente; por una construcci\u00f3n con esperanza y con fe, puesta en valores fundamentalmente. La construcci\u00f3n es entre todos, el Chaco es de [&hellip;]<\/p>\n","protected":false},"author":1,"featured_media":27556,"comment_status":"closed","ping_status":"closed","sticky":false,"template":"","format":"standard","meta":{"footnotes":""},"categories":[6],"tags":[],"class_list":{"0":"post-27555","1":"post","2":"type-post","3":"status-publish","4":"format-standard","5":"has-post-thumbnail","7":"category-chaco"},"_links":{"self":[{"href":"https:\/\/chacosintesis.com.ar\/index.php\/wp-json\/wp\/v2\/posts\/27555","targetHints":{"allow":["GET"]}}],"collection":[{"href":"https:\/\/chacosintesis.com.ar\/index.php\/wp-json\/wp\/v2\/posts"}],"about":[{"href":"https:\/\/chacosintesis.com.ar\/index.php\/wp-json\/wp\/v2\/types\/post"}],"author":[{"embeddable":true,"href":"https:\/\/chacosintesis.com.ar\/index.php\/wp-json\/wp\/v2\/users\/1"}],"replies":[{"embeddable":true,"href":"https:\/\/chacosintesis.com.ar\/index.php\/wp-json\/wp\/v2\/comments?post=27555"}],"version-history":[{"count":0,"href":"https:\/\/chacosintesis.com.ar\/index.php\/wp-json\/wp\/v2\/posts\/27555\/revisions"}],"wp:featuredmedia":[{"embeddable":true,"href":"https:\/\/chacosintesis.com.ar\/index.php\/wp-json\/wp\/v2\/media\/27556"}],"wp:attachment":[{"href":"https:\/\/chacosintesis.com.ar\/index.php\/wp-json\/wp\/v2\/media?parent=27555"}],"wp:term":[{"taxonomy":"category","embeddable":true,"href":"https:\/\/chacosintesis.com.ar\/index.php\/wp-json\/wp\/v2\/categories?post=27555"},{"taxonomy":"post_tag","embeddable":true,"href":"https:\/\/chacosintesis.com.ar\/index.php\/wp-json\/wp\/v2\/tags?post=27555"}],"curies":[{"name":"wp","href":"https:\/\/api.w.org\/{rel}","templated":true}]}}