{"id":27548,"date":"2023-10-02T19:03:24","date_gmt":"2023-10-02T22:03:24","guid":{"rendered":"https:\/\/chacosintesis.com.ar\/?p=27548"},"modified":"2023-10-02T19:07:22","modified_gmt":"2023-10-02T22:07:22","slug":"mas-de-siete-mil-personas-en-la-primera-fiesta-nacional-y-provincial-de-las-aguas-termales","status":"publish","type":"post","link":"https:\/\/chacosintesis.com.ar\/index.php\/mas-de-siete-mil-personas-en-la-primera-fiesta-nacional-y-provincial-de-las-aguas-termales\/","title":{"rendered":"M\u00e1s de siete mil personas en la Primera Fiesta Nacional y Provincial de las Aguas Termales"},"content":{"rendered":"<div class=\"postie-post\">L\u00e1zaro Caballero despleg\u00f3 un amplio repertorio de casi dos horas. La propuesta permiti\u00f3 a miles de visitantes disfrutar, no s\u00f3lo de la m\u00fasica, sino tambi\u00e9n de productos regionales y patio de comidas.<br \/>\nM\u00e1s de siete mil personas acompa\u00f1aron y dieron un imponente marco a la Primera Fiesta Nacional y Provincial de las Aguas Termales que se realiz\u00f3 en Presidencia Roque S\u00e1enz Pe\u00f1a, donde talentosos artistas regionales y de todo el pa\u00eds brindaron un excelente show con una organizaci\u00f3n de primer nivel. En el espectacular complejo La Marttina Aire Libre, miles de espectadores disfrutaron del broche de oro de la noche: la actuaci\u00f3n de la \u201csensaci\u00f3n del folclore nacional&#8221;, L\u00e1zaro Caballero, quien despleg\u00f3 un amplio repertorio de casi dos horas.<br \/>\nTeniendo en cuenta todos los detalles para vivir una jornada inolvidable, esta gran fiesta permiti\u00f3 a miles de visitantes disfrutar, no s\u00f3lo de la m\u00fasica, sino tambi\u00e9n de productos regionales y patio de comidas. Instalaciones de primer nivel y sanitarios acordes para recibir a miles de personas, as\u00ed como una veintena de stands, dieron un marco ideal a un evento que naci\u00f3 en la ciudad termal para quedarse y brillar a\u00f1o tras a\u00f1o.<br \/>\nLa m\u00fasica y la danza comenzaron a la tarde con la actuaci\u00f3n de artistas de calibre como Walter Montes, Los 4 del Chaco, Maxi P\u00e9rez, Magal\u00ed Zarco, La Guitarreada y Edgar Rodr\u00edguez, siempre acompa\u00f1ados en el escenario por el comediante correntino Gur\u00ed Molinas. Tambi\u00e9n estuvieron las academias de danzas folcl\u00f3ricas Arraigo Norte\u00f1o, Estampas Argentinas, Chac\u00fa Naim\u00e1, Sembrando Sue\u00f1os y la participaci\u00f3n de la comparsa Yas\u00ed Por\u00e1.<br \/>\nEl plato fuerte lleg\u00f3 despu\u00e9s de la medianoche, cuando la estrella del folclore nacional, L\u00e1zaro Caballero,  subi\u00f3 al escenario para cantar todos sus \u00e9xitos por m\u00e1s de dos horas. El joven formose\u00f1o, quien brill\u00f3 con sus chacareras y chamam\u00e9, se dio el lujo de recitar poemas con el compositor Beto Aranda.<br \/>\nEl cierre estuvo a cargo del talentoso cantor castelense Piko Frank, quien con m\u00e1s de veinte canciones del monte tambi\u00e9n hizo vibrar al complejo La Marttina y miles de asistentes que pasadas las 4 se fueron felices a sus hogares por tan tremendo show.<\/div>\n","protected":false},"excerpt":{"rendered":"<p>L\u00e1zaro Caballero despleg\u00f3 un amplio repertorio de casi dos horas. La propuesta permiti\u00f3 a miles de visitantes disfrutar, no s\u00f3lo de la m\u00fasica, sino tambi\u00e9n de productos regionales y patio de comidas. M\u00e1s de siete mil personas acompa\u00f1aron y dieron un imponente marco a la Primera Fiesta Nacional y Provincial de las Aguas Termales que [&hellip;]<\/p>\n","protected":false},"author":1,"featured_media":27549,"comment_status":"closed","ping_status":"closed","sticky":false,"template":"","format":"standard","meta":{"footnotes":""},"categories":[6],"tags":[],"class_list":{"0":"post-27548","1":"post","2":"type-post","3":"status-publish","4":"format-standard","5":"has-post-thumbnail","7":"category-chaco"},"_links":{"self":[{"href":"https:\/\/chacosintesis.com.ar\/index.php\/wp-json\/wp\/v2\/posts\/27548","targetHints":{"allow":["GET"]}}],"collection":[{"href":"https:\/\/chacosintesis.com.ar\/index.php\/wp-json\/wp\/v2\/posts"}],"about":[{"href":"https:\/\/chacosintesis.com.ar\/index.php\/wp-json\/wp\/v2\/types\/post"}],"author":[{"embeddable":true,"href":"https:\/\/chacosintesis.com.ar\/index.php\/wp-json\/wp\/v2\/users\/1"}],"replies":[{"embeddable":true,"href":"https:\/\/chacosintesis.com.ar\/index.php\/wp-json\/wp\/v2\/comments?post=27548"}],"version-history":[{"count":0,"href":"https:\/\/chacosintesis.com.ar\/index.php\/wp-json\/wp\/v2\/posts\/27548\/revisions"}],"wp:featuredmedia":[{"embeddable":true,"href":"https:\/\/chacosintesis.com.ar\/index.php\/wp-json\/wp\/v2\/media\/27549"}],"wp:attachment":[{"href":"https:\/\/chacosintesis.com.ar\/index.php\/wp-json\/wp\/v2\/media?parent=27548"}],"wp:term":[{"taxonomy":"category","embeddable":true,"href":"https:\/\/chacosintesis.com.ar\/index.php\/wp-json\/wp\/v2\/categories?post=27548"},{"taxonomy":"post_tag","embeddable":true,"href":"https:\/\/chacosintesis.com.ar\/index.php\/wp-json\/wp\/v2\/tags?post=27548"}],"curies":[{"name":"wp","href":"https:\/\/api.w.org\/{rel}","templated":true}]}}