{"id":27534,"date":"2023-10-02T18:41:47","date_gmt":"2023-10-02T21:41:47","guid":{"rendered":"https:\/\/chacosintesis.com.ar\/?p=27534"},"modified":"2023-10-02T19:06:45","modified_gmt":"2023-10-02T22:06:45","slug":"fabretto-hemos-conquistado-derechos-y-no-queremos-retroceder-un-paso-atras","status":"publish","type":"post","link":"https:\/\/chacosintesis.com.ar\/index.php\/fabretto-hemos-conquistado-derechos-y-no-queremos-retroceder-un-paso-atras\/","title":{"rendered":"Fabretto: \u201cHemos conquistado derechos y no queremos retroceder un paso atr\u00e1s\u201d"},"content":{"rendered":"<div class=\"postie-post\">La representante de la Multisectorial Feminista y referente de la CCC, realiz\u00f3 un balance del encuentro que se llev\u00f3 a cabo el pasado s\u00e1bado en Chaco a modo de previa de lo que ser\u00e1 el Encuentro Plurinacional de Mujeres que se va a realizar en Bariloche del 14 al 16 de octubre.<br \/>\nGladys Fabretto, de la Multisectorial Feminista y referente de la CCC, dialog\u00f3 con Radio Provincia del Chaco y realiz\u00f3 un balance del encuentro de Mujeres y Disidencias que se llev\u00f3 a cabo el pasado s\u00e1bado en Chaco a modo de previa de lo que ser\u00e1 el Encuentro Plurinacional de Mujeres que se va a realizar en Bariloche del 14 al 16 de octubre.<br \/>\nEn este sentido, sobre el encuentro expres\u00f3: \u201cLa verdad que muy contenta, ha superado nuestras expectativas de la cantidad de compa\u00f1eras que han participado de este encuentro. Fueron 1358 mujeres y 30 ni\u00f1os\u201d. Asimismo, a\u00f1adi\u00f3: \u201cEste encuentro se da despu\u00e9s de unas elecciones en la que hay un futuro incierto y mucha preocupaci\u00f3n desde el Movimiento de Mujeres\u201d. Adem\u00e1s, si bien dijo que este fue el primer encuentro provincial en el Chaco, record\u00f3 que en 2017 se realiz\u00f3 el Encuentro Nacional de Mujeres.<br \/>\nCabe destacar que el encuentro cont\u00f3 con 13 talleres que abordaron diferentes tem\u00e1ticas. En ese sentido, dijo: \u201cEn los talleres b\u00e1sicamente la preocupaci\u00f3n es que va a quitar la Secretar\u00eda de Derechos Humanos y G\u00e9neros a nivel provincial, y a nivel nacional van a sacar el Ministerio de la Mujer\u201d. Sobre esto, agreg\u00f3: \u201cHemos discutido que, a trav\u00e9s de los a\u00f1os, hemos conquistado derechos y que no queremos retroceder con ni un derecho, no dar ni un paso atr\u00e1s\u201d.<br \/>\nEl encuentro cont\u00f3 con la presencia de mujeres de toda la provincia como ser de Juan Jos\u00e9 Castelli, La Leonesa, Las Palmas, Villa \u00c1ngela, Las Bre\u00f1as, La Verde, entre otras localidades. \u201cLa verdad es que hay preocupaci\u00f3n en el Movimiento de Mujeres\u201d, se\u00f1al\u00f3, al mismo tiempo que detall\u00f3: \u201cEspec\u00edficamente sobre qu\u00e9 pol\u00edticas de g\u00e9nero va a haber. No nos vimos representadas por ninguno de los sectores\u201d.<br \/>\nPor otra parte, de cara a este futuro incierto que menciona, manifest\u00f3: \u201cHay que pensar con perspectiva de g\u00e9nero, hay que pensar que las compa\u00f1eras son las que se arremangan para llegar a fin de mes, para tener a sus hijos vestidos, que coman\u201d. Asimismo, mostr\u00f3 su preocupaci\u00f3n de a nivel provincial a partir del pr\u00f3ximo 10 de diciembre. \u201cTenemos informaci\u00f3n que en un gobierno que est\u00e1 saliente y un gobierno de transacci\u00f3n, el que tiene la \u00faltima decisi\u00f3n va a ser el gobernador electo. Por eso las mujeres salimos el 28, por eso hicimos el preencuentro, porque nos van a encontrar organizadas y en las calles cuando quieran quitar un derecho\u201d, se\u00f1al\u00f3.<br \/>\nSobre las deudas de la provincia con el movimiento, expres\u00f3: \u201cNosotras decimos que hubo cosas que le falt\u00f3 a este gobierno, pero reivindicamos las cosas que han avanzado y criticamos las cosas que han faltado. La l\u00ednea 137 es una deuda con la compa\u00f1era porque muchas son precarizadas y si cierran todos estos ministerios va a haber m\u00e1s desocupaci\u00f3n en el Gran Resistencia\u201d. Por \u00faltimo, dej\u00f3 un mensaje claro para la sociedad, el cual ser\u00e1 el lema del encuentro que se llevar\u00e1 a cabo en Bariloche. \u201cNos preocupa la conquista de derechos, no vamos a retroceder ni un paso atr\u00e1s, le decimos no al cierre de la Secretar\u00eda de Derechos Humanos y G\u00e9neros, queremos seguir conquistando derechos\u201d, manifest\u00f3.<\/div>\n","protected":false},"excerpt":{"rendered":"<p>La representante de la Multisectorial Feminista y referente de la CCC, realiz\u00f3 un balance del encuentro que se llev\u00f3 a cabo el pasado s\u00e1bado en Chaco a modo de previa de lo que ser\u00e1 el Encuentro Plurinacional de Mujeres que se va a realizar en Bariloche del 14 al 16 de octubre. Gladys Fabretto, de [&hellip;]<\/p>\n","protected":false},"author":1,"featured_media":27535,"comment_status":"closed","ping_status":"closed","sticky":false,"template":"","format":"standard","meta":{"footnotes":""},"categories":[6],"tags":[],"class_list":{"0":"post-27534","1":"post","2":"type-post","3":"status-publish","4":"format-standard","5":"has-post-thumbnail","7":"category-chaco"},"_links":{"self":[{"href":"https:\/\/chacosintesis.com.ar\/index.php\/wp-json\/wp\/v2\/posts\/27534","targetHints":{"allow":["GET"]}}],"collection":[{"href":"https:\/\/chacosintesis.com.ar\/index.php\/wp-json\/wp\/v2\/posts"}],"about":[{"href":"https:\/\/chacosintesis.com.ar\/index.php\/wp-json\/wp\/v2\/types\/post"}],"author":[{"embeddable":true,"href":"https:\/\/chacosintesis.com.ar\/index.php\/wp-json\/wp\/v2\/users\/1"}],"replies":[{"embeddable":true,"href":"https:\/\/chacosintesis.com.ar\/index.php\/wp-json\/wp\/v2\/comments?post=27534"}],"version-history":[{"count":0,"href":"https:\/\/chacosintesis.com.ar\/index.php\/wp-json\/wp\/v2\/posts\/27534\/revisions"}],"wp:featuredmedia":[{"embeddable":true,"href":"https:\/\/chacosintesis.com.ar\/index.php\/wp-json\/wp\/v2\/media\/27535"}],"wp:attachment":[{"href":"https:\/\/chacosintesis.com.ar\/index.php\/wp-json\/wp\/v2\/media?parent=27534"}],"wp:term":[{"taxonomy":"category","embeddable":true,"href":"https:\/\/chacosintesis.com.ar\/index.php\/wp-json\/wp\/v2\/categories?post=27534"},{"taxonomy":"post_tag","embeddable":true,"href":"https:\/\/chacosintesis.com.ar\/index.php\/wp-json\/wp\/v2\/tags?post=27534"}],"curies":[{"name":"wp","href":"https:\/\/api.w.org\/{rel}","templated":true}]}}