{"id":27528,"date":"2023-10-02T18:36:13","date_gmt":"2023-10-02T21:36:13","guid":{"rendered":"https:\/\/chacosintesis.com.ar\/?p=27528"},"modified":"2023-10-02T18:37:24","modified_gmt":"2023-10-02T21:37:24","slug":"capitanich-sobre-el-debate-massa-fue-muy-claro-en-materia-economica","status":"publish","type":"post","link":"https:\/\/chacosintesis.com.ar\/index.php\/capitanich-sobre-el-debate-massa-fue-muy-claro-en-materia-economica\/","title":{"rendered":"Capitanich sobre el debate: \u201cMassa fue muy claro en materia econ\u00f3mica\u201d"},"content":{"rendered":"<div class=\"postie-post\">El gobernador saliente del Chaco analiz\u00f3 el escenario electoral y las propuestas de su sector de cara a las elecciones venideras.<br \/>\nLuego del debate presidencial que tuvo lugar este domingo, el a\u00fan gobernador de la provincia del Chaco, Jorge Capitanich, sent\u00f3 postura sobre las propuestas del representante del oficialismo, Sergio Massa, de cara a las elecciones presidenciales que tendr\u00e1n lugar el 22 de octubre.<br \/>\n<a href=\"mailto:\u201c@sergiomassa\">\u201c@sergiomassa<\/a> en el debate de ayer fue muy claro en materia econ\u00f3mica ante la importancia para nuestro pa\u00eds de generar un r\u00e9gimen monetario que brinde estabilidad macroecon\u00f3mica. Es necesario tener un plan econ\u00f3mico de car\u00e1cter hol\u00edstico, sist\u00e9mico e integral\u201d, apunt\u00f3 el gobernador desde su Twitter personal este lunes.<br \/>\nEn ese sentido, plante\u00f3 que \u201cla Rep\u00fablica Argentina no puede tener m\u00e1s de 400.000 millones de d\u00f3lares fuera del circuito financiero y que exista la mitad de la econom\u00eda de car\u00e1cter informal. Es preciso un r\u00e9gimen de exteriorizaci\u00f3n de activos financieros\u201d, y agreg\u00f3 que \u201ces trascendente contar con un r\u00e9gimen multimonetario, que se pueda transferir en cualquier moneda, y que estas posibilidades est\u00e9n incluidas dentro del circuito financiero\u201d.<br \/>\n\u201cPara blanquear la econom\u00eda necesitamos tener un r\u00e9gimen de moneda digital de curso legal y obligatorio, para que no exista m\u00e1s informalidad laboral, poder bajar los impuestos con el objetivo de extender la capacidad de financiamiento y penalizar a evasores\u201d, sum\u00f3, y concluy\u00f3 que \u201ctodos los pasivos remunerados del Banco Central deben generar las condiciones para que efectivamente puedan tener destino en la producci\u00f3n de m\u00e1s bienes y servicios, o tambi\u00e9n generar obras de infraestructura social b\u00e1sica\u201d<\/div>\n","protected":false},"excerpt":{"rendered":"<p>El gobernador saliente del Chaco analiz\u00f3 el escenario electoral y las propuestas de su sector de cara a las elecciones venideras. Luego del debate presidencial que tuvo lugar este domingo, el a\u00fan gobernador de la provincia del Chaco, Jorge Capitanich, sent\u00f3 postura sobre las propuestas del representante del oficialismo, Sergio Massa, de cara a las [&hellip;]<\/p>\n","protected":false},"author":1,"featured_media":27529,"comment_status":"closed","ping_status":"closed","sticky":false,"template":"","format":"standard","meta":{"footnotes":""},"categories":[6],"tags":[],"class_list":{"0":"post-27528","1":"post","2":"type-post","3":"status-publish","4":"format-standard","5":"has-post-thumbnail","7":"category-chaco"},"_links":{"self":[{"href":"https:\/\/chacosintesis.com.ar\/index.php\/wp-json\/wp\/v2\/posts\/27528","targetHints":{"allow":["GET"]}}],"collection":[{"href":"https:\/\/chacosintesis.com.ar\/index.php\/wp-json\/wp\/v2\/posts"}],"about":[{"href":"https:\/\/chacosintesis.com.ar\/index.php\/wp-json\/wp\/v2\/types\/post"}],"author":[{"embeddable":true,"href":"https:\/\/chacosintesis.com.ar\/index.php\/wp-json\/wp\/v2\/users\/1"}],"replies":[{"embeddable":true,"href":"https:\/\/chacosintesis.com.ar\/index.php\/wp-json\/wp\/v2\/comments?post=27528"}],"version-history":[{"count":0,"href":"https:\/\/chacosintesis.com.ar\/index.php\/wp-json\/wp\/v2\/posts\/27528\/revisions"}],"wp:featuredmedia":[{"embeddable":true,"href":"https:\/\/chacosintesis.com.ar\/index.php\/wp-json\/wp\/v2\/media\/27529"}],"wp:attachment":[{"href":"https:\/\/chacosintesis.com.ar\/index.php\/wp-json\/wp\/v2\/media?parent=27528"}],"wp:term":[{"taxonomy":"category","embeddable":true,"href":"https:\/\/chacosintesis.com.ar\/index.php\/wp-json\/wp\/v2\/categories?post=27528"},{"taxonomy":"post_tag","embeddable":true,"href":"https:\/\/chacosintesis.com.ar\/index.php\/wp-json\/wp\/v2\/tags?post=27528"}],"curies":[{"name":"wp","href":"https:\/\/api.w.org\/{rel}","templated":true}]}}