{"id":27520,"date":"2023-10-02T18:27:50","date_gmt":"2023-10-02T21:27:50","guid":{"rendered":"https:\/\/chacosintesis.com.ar\/?p=27520"},"modified":"2023-10-02T18:37:06","modified_gmt":"2023-10-02T21:37:06","slug":"la-delegacion-chaquena-sumo-mas-de-60-medallas-en-los-juegos-nacionales-evita-2023","status":"publish","type":"post","link":"https:\/\/chacosintesis.com.ar\/index.php\/la-delegacion-chaquena-sumo-mas-de-60-medallas-en-los-juegos-nacionales-evita-2023\/","title":{"rendered":"La delegaci\u00f3n chaque\u00f1a sum\u00f3 m\u00e1s de 60 medallas en los Juegos Nacionales Evita 2023"},"content":{"rendered":"<div class=\"postie-post\">\u201cNuestros chicos dejan la bandera del Chaco en lo m\u00e1s alto\u201d, destac\u00f3 Franco Osuna.<br \/>\nLuego de una intensa semana de deporte, concluyeron los Juegos Evita 2023 que se disputaron en la ciudad de Mar del Plata, con la participaci\u00f3n de m\u00e1s de 20.000 ni\u00f1as, ni\u00f1os y j\u00f3venes de todo el pa\u00eds. Durante los d\u00edas de competencia, m\u00e1s de 900 deportistas estuvieron representando a la provincia del Chaco.<br \/>\nEn esta ocasi\u00f3n, la delegaci\u00f3n chaque\u00f1a consigui\u00f3 m\u00e1s de 60 medallas, en distintas disciplinas, tanto del deporte adaptado como convencional.<br \/>\nEn este sentido, el director de Deportes del Instituto del Deporte Chaque\u00f1o, Franco Osuna manifest\u00f3 a Chaco TV que \u201cel balance es sumamente positivo, lo que se vive es una experiencia \u00fanica\u201d.<br \/>\n\u201cEs una decisi\u00f3n pol\u00edtica de nuestro gobernador Jorge Milton Capitanich que cada chico y chica pueda participar sin ning\u00fan gasto, con todas las necesidades cubiertas y disfrutar de esta gran fiesta del deporte\u201d, destac\u00f3 Osuna. \u201cEs m\u00e1s que positivo y estamos felices de poder cumplir m\u00e1s de 900 sue\u00f1os\u201d, agreg\u00f3.<br \/>\nAdem\u00e1s, remarc\u00f3: \u201cSe ve mucho trabajo del equipo del instituto, de los profes que est\u00e1n desde principio de a\u00f1o con las diferentes etapas y culmina con esta gran fiesta\u201d. \u201cEs una competencia dur\u00edsima donde nuestros chicos dejan la bandera del Chaco en lo m\u00e1s alto\u201d, enfatiz\u00f3.<br \/>\nPor su parte, Lucas Vallejos, coordinador deportivo expres\u00f3: \u201cChaco nuevamente, tanto en el deporte adaptado como en el convencional, logr\u00f3 llevar medallas en una competencia sumamente sana, m\u00e1s all\u00e1 del nivel que es muy alto\u201d. \u201cLos Juegos Evita 2023 han sido un \u00e9xito en lo deportivo, en lo personal y en lo institucional\u201d, concluy\u00f3.<\/div>\n","protected":false},"excerpt":{"rendered":"<p>\u201cNuestros chicos dejan la bandera del Chaco en lo m\u00e1s alto\u201d, destac\u00f3 Franco Osuna. Luego de una intensa semana de deporte, concluyeron los Juegos Evita 2023 que se disputaron en la ciudad de Mar del Plata, con la participaci\u00f3n de m\u00e1s de 20.000 ni\u00f1as, ni\u00f1os y j\u00f3venes de todo el pa\u00eds. Durante los d\u00edas de [&hellip;]<\/p>\n","protected":false},"author":1,"featured_media":27521,"comment_status":"closed","ping_status":"closed","sticky":false,"template":"","format":"standard","meta":{"footnotes":""},"categories":[6],"tags":[],"class_list":{"0":"post-27520","1":"post","2":"type-post","3":"status-publish","4":"format-standard","5":"has-post-thumbnail","7":"category-chaco"},"_links":{"self":[{"href":"https:\/\/chacosintesis.com.ar\/index.php\/wp-json\/wp\/v2\/posts\/27520","targetHints":{"allow":["GET"]}}],"collection":[{"href":"https:\/\/chacosintesis.com.ar\/index.php\/wp-json\/wp\/v2\/posts"}],"about":[{"href":"https:\/\/chacosintesis.com.ar\/index.php\/wp-json\/wp\/v2\/types\/post"}],"author":[{"embeddable":true,"href":"https:\/\/chacosintesis.com.ar\/index.php\/wp-json\/wp\/v2\/users\/1"}],"replies":[{"embeddable":true,"href":"https:\/\/chacosintesis.com.ar\/index.php\/wp-json\/wp\/v2\/comments?post=27520"}],"version-history":[{"count":0,"href":"https:\/\/chacosintesis.com.ar\/index.php\/wp-json\/wp\/v2\/posts\/27520\/revisions"}],"wp:featuredmedia":[{"embeddable":true,"href":"https:\/\/chacosintesis.com.ar\/index.php\/wp-json\/wp\/v2\/media\/27521"}],"wp:attachment":[{"href":"https:\/\/chacosintesis.com.ar\/index.php\/wp-json\/wp\/v2\/media?parent=27520"}],"wp:term":[{"taxonomy":"category","embeddable":true,"href":"https:\/\/chacosintesis.com.ar\/index.php\/wp-json\/wp\/v2\/categories?post=27520"},{"taxonomy":"post_tag","embeddable":true,"href":"https:\/\/chacosintesis.com.ar\/index.php\/wp-json\/wp\/v2\/tags?post=27520"}],"curies":[{"name":"wp","href":"https:\/\/api.w.org\/{rel}","templated":true}]}}