{"id":27518,"date":"2023-10-02T18:26:04","date_gmt":"2023-10-02T21:26:04","guid":{"rendered":"https:\/\/chacosintesis.com.ar\/?p=27518"},"modified":"2023-10-02T18:37:01","modified_gmt":"2023-10-02T21:37:01","slug":"barud-sera-decision-del-gobierno-electo-continuar-con-estas-politicas-preventivas-en-materia-de-genero","status":"publish","type":"post","link":"https:\/\/chacosintesis.com.ar\/index.php\/barud-sera-decision-del-gobierno-electo-continuar-con-estas-politicas-preventivas-en-materia-de-genero\/","title":{"rendered":"Barud: \u201cSer\u00e1 decisi\u00f3n del Gobierno electo continuar con estas pol\u00edticas preventivas en materia de g\u00e9nero\u201d"},"content":{"rendered":"<div class=\"postie-post\">La abogada querellante inform\u00f3 los avances de la causa.<br \/>\nLa abogada Nahir Barud, que tambi\u00e9n forma parte de la querella de la Secretar\u00eda de Derechos Humanos y G\u00e9neros de la provincia, habl\u00f3 con la prensa sobre los avances en la causa por la desaparici\u00f3n y femicidio de Cecilia Strzyzowski.<br \/>\nBarud dijo que ma\u00f1ana se lleva a cabo la audiencia sobre el arresto domiciliario de Fabiana Gonz\u00e1lez, una de las imputadas. En este sentido, remarc\u00f3 que desde la querella de la Secretar\u00eda de Derechos Humanos y G\u00e9neros, en concordancia con la querella de la familia de Cecilia, a cargo del abogado Gustavo Briend,  \u201cnos opondremos respectivamente al arresto domiciliario\u201d.<br \/>\nRecord\u00f3 adem\u00e1s que el 26 de septiembre fue elevado al Superior Tribunal de Justicia el recurso de Casaci\u00f3n interpuesto por la defensa de los cuatro imputados por encubrimiento, como tambi\u00e9n de C\u00e9sar Sena, sobre las prisiones preventivas, y estiman que se resolver\u00e1 en lo inmediato.<br \/>\nLa abogada destac\u00f3 la importancia de informar a la sociedad sobre los avances de la causa ya que est\u00e1 \u201ccada vez m\u00e1s pr\u00f3xima al requerimiento de elevaci\u00f3n a juicio\u201d.<br \/>\nBarud record\u00f3 adem\u00e1s que en lo que va del a\u00f1o en Chaco hubo ocho femicidios:  Dominga Soto, Antonella Altamirano, Elsa Mabel Vilaqui, Betiana Calvo, Maria Bel\u00e9n Piedrabuena, Cecilia Strzyzowski y el \u00faltimo fin de semana asesinaron a Zulma Cabrera.<br \/>\nDe esta manera, la letrada manifest\u00f3 que la Secretar\u00eda de Derechos Humanos y G\u00e9neros, junto al Ministerio de las Mujeres, G\u00e9neros y Diversidad de la Naci\u00f3n, acompa\u00f1an a m\u00e1s de 28 mil v\u00edctimas y coment\u00f3 que \u201ca partir de esto pudimos disminuir la tasa de femicidios y violencias extremas contra las mujeres\u201d. Adem\u00e1s, expres\u00f3 que \u201cser\u00e1 decisi\u00f3n del Gobierno electo continuar con estas pol\u00edticas preventivas en materia de g\u00e9nero, ya que en la actualidad, adem\u00e1s de estas 28 mil mujeres a las que asistimos, tambi\u00e9n contamos con 59 querellas sobre violencias contra las mujeres, ya sean femicidios, amenazas y delitos contra la integridad sexual\u201d.<\/div>\n","protected":false},"excerpt":{"rendered":"<p>La abogada querellante inform\u00f3 los avances de la causa. La abogada Nahir Barud, que tambi\u00e9n forma parte de la querella de la Secretar\u00eda de Derechos Humanos y G\u00e9neros de la provincia, habl\u00f3 con la prensa sobre los avances en la causa por la desaparici\u00f3n y femicidio de Cecilia Strzyzowski. Barud dijo que ma\u00f1ana se lleva [&hellip;]<\/p>\n","protected":false},"author":1,"featured_media":27519,"comment_status":"closed","ping_status":"closed","sticky":false,"template":"","format":"standard","meta":{"footnotes":""},"categories":[6],"tags":[],"class_list":{"0":"post-27518","1":"post","2":"type-post","3":"status-publish","4":"format-standard","5":"has-post-thumbnail","7":"category-chaco"},"_links":{"self":[{"href":"https:\/\/chacosintesis.com.ar\/index.php\/wp-json\/wp\/v2\/posts\/27518","targetHints":{"allow":["GET"]}}],"collection":[{"href":"https:\/\/chacosintesis.com.ar\/index.php\/wp-json\/wp\/v2\/posts"}],"about":[{"href":"https:\/\/chacosintesis.com.ar\/index.php\/wp-json\/wp\/v2\/types\/post"}],"author":[{"embeddable":true,"href":"https:\/\/chacosintesis.com.ar\/index.php\/wp-json\/wp\/v2\/users\/1"}],"replies":[{"embeddable":true,"href":"https:\/\/chacosintesis.com.ar\/index.php\/wp-json\/wp\/v2\/comments?post=27518"}],"version-history":[{"count":0,"href":"https:\/\/chacosintesis.com.ar\/index.php\/wp-json\/wp\/v2\/posts\/27518\/revisions"}],"wp:featuredmedia":[{"embeddable":true,"href":"https:\/\/chacosintesis.com.ar\/index.php\/wp-json\/wp\/v2\/media\/27519"}],"wp:attachment":[{"href":"https:\/\/chacosintesis.com.ar\/index.php\/wp-json\/wp\/v2\/media?parent=27518"}],"wp:term":[{"taxonomy":"category","embeddable":true,"href":"https:\/\/chacosintesis.com.ar\/index.php\/wp-json\/wp\/v2\/categories?post=27518"},{"taxonomy":"post_tag","embeddable":true,"href":"https:\/\/chacosintesis.com.ar\/index.php\/wp-json\/wp\/v2\/tags?post=27518"}],"curies":[{"name":"wp","href":"https:\/\/api.w.org\/{rel}","templated":true}]}}