{"id":27506,"date":"2023-10-02T17:36:48","date_gmt":"2023-10-02T20:36:48","guid":{"rendered":"https:\/\/chacosintesis.com.ar\/?p=27506"},"modified":"2023-10-02T18:06:39","modified_gmt":"2023-10-02T21:06:39","slug":"punto-de-todos-un-nuevo-operativo-integral-en-el-parque-de-laguna-francia-para-acercar-el-estado-a-los-vecinas-y-vecinas","status":"publish","type":"post","link":"https:\/\/chacosintesis.com.ar\/index.php\/punto-de-todos-un-nuevo-operativo-integral-en-el-parque-de-laguna-francia-para-acercar-el-estado-a-los-vecinas-y-vecinas\/","title":{"rendered":"Punto de Todos: Un nuevo operativo integral en el parque de Laguna Francia para acercar el Estado a los vecinas y vecinas"},"content":{"rendered":"<div class=\"postie-post\">Vecinas y vecinos de la ciudad se acercaron al parque de la Laguna Francia para realizar  m\u00faltiples gestiones y consultas sobre servicios. Pudieron realizar tr\u00e1mites en los stands de PAMI, ANSES, SECHEEP, SAMEEP, Iprodich y otros organismos estatales.<br \/>\nEl Gobierno Provincial concret\u00f3 este lunes un nuevo operativo Punto de Todos en la ciudad de Resistencia. El operativo  \u201cPunto de Todos; el Estado donde vos estas\u201d, se realiz\u00f3 en el parque de  Laguna Francia del barrio Villa Altabe y permiti\u00f3 acercar a diversos organismos estatales a los vecinos y vecinas de la ciudad.<br \/>\nVictoria Saenz, coordinadora operativo Punto de Todos en declaraciones a Radio Provincia del Chaco explic\u00f3 que este tipo de iniciativa se concret\u00f3 de 9 a 12 y permite a los ciudadanos y ciudadanas acceder a la realizaci\u00f3n de tr\u00e1mites, gestiones y consultas en los puntos de SECHEEP, SAMEEP, IPRODICH, ANSES y el Ministerio de Salud. Tambi\u00e9n, estar\u00e1 presente un punto de SUBE, la posibilidad de realizar la tramitaci\u00f3n del DNI, acceder a consultas de  la Defensor\u00eda del Pueblo, del \u00e1rea de Modernizaci\u00f3n del Estado, de Defensa del Consumidor, de Derechos Humanos y Punto Violenta, Ambiente y Desarrollo Territorial Sostenible, el Programa Hogar e Incluir Salud.<br \/>\n\u201cEstamos aqu\u00ed para brindarles ayuda en los tr\u00e1mites necesarios, de manera m\u00e1s cercana y pr\u00e1ctica, agilizando el proceso con diferentes organismo p\u00fablicos o empresas estatales\u201d, dijo Saenz.<br \/>\nCon estos operativos, los Estados provincial y nacional permiten a vecinos y vecinas realizar sus tr\u00e1mites, gestiones y consultas sobre servicios, planes y programas en puntos de cercan\u00eda para que no tengan que trasladarse hasta las sedes de dependencias p\u00fablicas.<br \/>\nAdem\u00e1s, los Puntos de Todos cuenta con un punto de reciclaje donde los vecinos pueden traer pl\u00e1sticos, cart\u00f3n, latas y otros elementos.<br \/>\nA partir de la gesti\u00f3n del Ministerio de Gobierno y el Registro Civil de la Provincia, en los operativos de DNI que se desarrollaron, los primeros 60 n\u00fameros para confecci\u00f3n de las identificaciones se realizaron de forma gratuita.<br \/>\nQu\u00e9 tr\u00e1mites se pueden realizar<\/p>\n<p>Quienes acudan a las postas podr\u00e1n asesorarse y realizar tr\u00e1mites, como, por ejemplo, abonar facturas de Secheep o Sameep o solicitar asesoramiento en materia de cuestiones comerciales y de servicio (reimpresi\u00f3n de facturas, descarga de la App de la empresa, v\u00edas de contactos para consultas y\/o reclamos, o consulta de requisitos para la regularizaci\u00f3n de suministros domiciliarios).<br \/>\nDurante cada jornada, en cada Punto de Todos,  el Iprodich brinda asesoramiento a personas con discapacidad y familiares, aportando, entre otras cuestiones, informaci\u00f3n relevante para acceder al Certificado \u00danico de Discapacidad (CUD) y los beneficios que de \u00e9l se derivan. Mientras que en cada Punto Violeta habr\u00e1 un espacio para la contenci\u00f3n, escucha y promoci\u00f3n de Derechos de mujeres en situaci\u00f3n de vulnerabilidad.<br \/>\nAdem\u00e1s, desde la Anses se puede consultar sobre el estado de tr\u00e1mites ya iniciados o requisitos para acceder a los distintos beneficios que ofrece el Estado Nacional a trav\u00e9s del ente. Podr\u00e1n hacerse tr\u00e1mites de Asignaciones familiares (por hijo, por hijo con discapacidad o por hijo para el personal de servicio dom\u00e9stico, por Embarazo, Prenatal, por Matrimonio, por Maternidad, por Nacimiento o Adopci\u00f3n).<br \/>\nTambi\u00e9n esta habilitada la posibilidad de actualizaci\u00f3n de Datos Personales ADP; el reclamo de haberes impagos; solicitud de constancia de CUIL, asesoramiento en cr\u00e9ditos para Jubilados y Pensionados; y Asesoramiento para Jubilaciones y Pensiones.<\/p><\/div>\n","protected":false},"excerpt":{"rendered":"<p>Vecinas y vecinos de la ciudad se acercaron al parque de la Laguna Francia para realizar m\u00faltiples gestiones y consultas sobre servicios. Pudieron realizar tr\u00e1mites en los stands de PAMI, ANSES, SECHEEP, SAMEEP, Iprodich y otros organismos estatales. El Gobierno Provincial concret\u00f3 este lunes un nuevo operativo Punto de Todos en la ciudad de Resistencia. [&hellip;]<\/p>\n","protected":false},"author":1,"featured_media":27507,"comment_status":"closed","ping_status":"closed","sticky":false,"template":"","format":"standard","meta":{"footnotes":""},"categories":[6],"tags":[],"class_list":{"0":"post-27506","1":"post","2":"type-post","3":"status-publish","4":"format-standard","5":"has-post-thumbnail","7":"category-chaco"},"_links":{"self":[{"href":"https:\/\/chacosintesis.com.ar\/index.php\/wp-json\/wp\/v2\/posts\/27506","targetHints":{"allow":["GET"]}}],"collection":[{"href":"https:\/\/chacosintesis.com.ar\/index.php\/wp-json\/wp\/v2\/posts"}],"about":[{"href":"https:\/\/chacosintesis.com.ar\/index.php\/wp-json\/wp\/v2\/types\/post"}],"author":[{"embeddable":true,"href":"https:\/\/chacosintesis.com.ar\/index.php\/wp-json\/wp\/v2\/users\/1"}],"replies":[{"embeddable":true,"href":"https:\/\/chacosintesis.com.ar\/index.php\/wp-json\/wp\/v2\/comments?post=27506"}],"version-history":[{"count":0,"href":"https:\/\/chacosintesis.com.ar\/index.php\/wp-json\/wp\/v2\/posts\/27506\/revisions"}],"wp:featuredmedia":[{"embeddable":true,"href":"https:\/\/chacosintesis.com.ar\/index.php\/wp-json\/wp\/v2\/media\/27507"}],"wp:attachment":[{"href":"https:\/\/chacosintesis.com.ar\/index.php\/wp-json\/wp\/v2\/media?parent=27506"}],"wp:term":[{"taxonomy":"category","embeddable":true,"href":"https:\/\/chacosintesis.com.ar\/index.php\/wp-json\/wp\/v2\/categories?post=27506"},{"taxonomy":"post_tag","embeddable":true,"href":"https:\/\/chacosintesis.com.ar\/index.php\/wp-json\/wp\/v2\/tags?post=27506"}],"curies":[{"name":"wp","href":"https:\/\/api.w.org\/{rel}","templated":true}]}}