{"id":27500,"date":"2023-10-02T11:57:14","date_gmt":"2023-10-02T14:57:14","guid":{"rendered":"https:\/\/chacosintesis.com.ar\/?p=27500"},"modified":"2023-10-02T11:59:03","modified_gmt":"2023-10-02T14:59:03","slug":"la-verde-el-intendente-electo-peon-se-reunio-con-el-equipo-de-zdero","status":"publish","type":"post","link":"https:\/\/chacosintesis.com.ar\/index.php\/la-verde-el-intendente-electo-peon-se-reunio-con-el-equipo-de-zdero\/","title":{"rendered":"La Verde: El intendente electo Pe\u00f3n, se reuni\u00f3 con el equipo de Zdero"},"content":{"rendered":"<div class=\"postie-post\">El intendente electo de La Verde, Prof. Federico Pe\u00f3n, junto al presidente del Concejo Alfredo L\u00f3pez y el concejal Jos\u00e9 G\u00f3mez fueron recibidos en el local de Chaco Cambia, por el Coordinador de Campa\u00f1a Provincial, Marcos Resico, y Hugo Matkovich, del Comit\u00e9 Provincial de la UCR. \u201cEs fundamental el di\u00e1logo y los consensos ante tantas demandas en nuestra localidad. Queremos que a La Verde le vaya bien y dar las respuestas que nuestros vecinos necesitan\u201d- indicaron.<\/p>\n<p>En la reuni\u00f3n de trabajo que se desarroll\u00f3 la semana pasada, en la ciudad de Resistencia, el prof.  Pe\u00f3n quien represent\u00f3 al Frente Integrador venciendo en las elecciones locales al intendente del Frente Chaque\u00f1o, trajo el saludo y las felicitaciones de todo su equipo para el Gobernador electo Leandro Zdero, dese\u00e1ndoles el mayor de los \u00e9xitos en la gesti\u00f3n y el compromiso de \u201ctrabajar juntos para lograr ese verdadero cambio que la gente vot\u00f3 en la Verde y en la Provincia\u201d.<\/p>\n<p>Por su parte, Resico y Matkovich, agradecieron el gesto del intendente electo Pe\u00f3n, de La Verde, y se comprometieron a transmitir a Zdero los saludos, como as\u00ed tambi\u00e9n el deseo de gestionar en conjunto las acciones a futuro para el bienestar de la gente de su pueblo.<\/p><\/div>\n","protected":false},"excerpt":{"rendered":"<p>El intendente electo de La Verde, Prof. Federico Pe\u00f3n, junto al presidente del Concejo Alfredo L\u00f3pez y el concejal Jos\u00e9 G\u00f3mez fueron recibidos en el local de Chaco Cambia, por el Coordinador de Campa\u00f1a Provincial, Marcos Resico, y Hugo Matkovich, del Comit\u00e9 Provincial de la UCR. \u201cEs fundamental el di\u00e1logo y los consensos ante tantas [&hellip;]<\/p>\n","protected":false},"author":1,"featured_media":27501,"comment_status":"closed","ping_status":"closed","sticky":false,"template":"","format":"standard","meta":{"footnotes":""},"categories":[6],"tags":[],"class_list":{"0":"post-27500","1":"post","2":"type-post","3":"status-publish","4":"format-standard","5":"has-post-thumbnail","7":"category-chaco"},"_links":{"self":[{"href":"https:\/\/chacosintesis.com.ar\/index.php\/wp-json\/wp\/v2\/posts\/27500","targetHints":{"allow":["GET"]}}],"collection":[{"href":"https:\/\/chacosintesis.com.ar\/index.php\/wp-json\/wp\/v2\/posts"}],"about":[{"href":"https:\/\/chacosintesis.com.ar\/index.php\/wp-json\/wp\/v2\/types\/post"}],"author":[{"embeddable":true,"href":"https:\/\/chacosintesis.com.ar\/index.php\/wp-json\/wp\/v2\/users\/1"}],"replies":[{"embeddable":true,"href":"https:\/\/chacosintesis.com.ar\/index.php\/wp-json\/wp\/v2\/comments?post=27500"}],"version-history":[{"count":0,"href":"https:\/\/chacosintesis.com.ar\/index.php\/wp-json\/wp\/v2\/posts\/27500\/revisions"}],"wp:featuredmedia":[{"embeddable":true,"href":"https:\/\/chacosintesis.com.ar\/index.php\/wp-json\/wp\/v2\/media\/27501"}],"wp:attachment":[{"href":"https:\/\/chacosintesis.com.ar\/index.php\/wp-json\/wp\/v2\/media?parent=27500"}],"wp:term":[{"taxonomy":"category","embeddable":true,"href":"https:\/\/chacosintesis.com.ar\/index.php\/wp-json\/wp\/v2\/categories?post=27500"},{"taxonomy":"post_tag","embeddable":true,"href":"https:\/\/chacosintesis.com.ar\/index.php\/wp-json\/wp\/v2\/tags?post=27500"}],"curies":[{"name":"wp","href":"https:\/\/api.w.org\/{rel}","templated":true}]}}