{"id":27474,"date":"2023-09-29T19:07:03","date_gmt":"2023-09-29T22:07:03","guid":{"rendered":"https:\/\/chacosintesis.com.ar\/?p=27474"},"modified":"2023-09-29T19:36:42","modified_gmt":"2023-09-29T22:36:42","slug":"capitanich-argentina-necesita-un-enfoque-multidimensional-de-la-pobreza-y-un-sistema-de-medicion-de-informacion-estadistica-de-alta-calidad","status":"publish","type":"post","link":"https:\/\/chacosintesis.com.ar\/index.php\/capitanich-argentina-necesita-un-enfoque-multidimensional-de-la-pobreza-y-un-sistema-de-medicion-de-informacion-estadistica-de-alta-calidad\/","title":{"rendered":"Capitanich: \u201cArgentina necesita un enfoque multidimensional de la pobreza y un sistema de medici\u00f3n de informaci\u00f3n estad\u00edstica de alta calidad\u201d"},"content":{"rendered":"<div class=\"postie-post\">En declaraciones al programa de Victor Hugo Morales en AM750, el gobernador Jorge Capitanich se refiri\u00f3 a la \u00faltima medici\u00f3n de pobreza del Indec.\u201cReconocemos que la pobreza es un problema grave, pero es necesario abordarlo de manera multidimensional, considerando no solo los ingresos, sino tambi\u00e9n la infraestructura, el acceso a derechos y la calidad de vida, incluyendo la informalidad laboral\u201d, dijo el gobernador.<br \/>\nEl gobernador Jorge Capitanich en una nota brindada esta ma\u00f1ana a Victor Hugo Morales en AM750 de Capital Federal se refiri\u00f3 a los indicadores brindados por el INDEC en relaci\u00f3n a la pobreza. El gobernador chaque\u00f1o cuestion\u00f3 las mediciones del \u00faltimo informe del organismo que daba en un relevamiento de 31 conglomerados urbanos, al Gran Resistencia con un \u00edndice de \u201c60,3 %\u201d de pobres. Consider\u00f3 que esto constituye un \u201cerror metodol\u00f3gico y estad\u00edstico\u201d.<br \/>\nEn sus declaraciones a AM750, el gobernador Capitanich explic\u00f3 que: \u201cel conglomerado urbano Corrientes y Resistencia, conocido como Gran Corriente y Gran Resistencia, est\u00e1n separados por el puente Chaco-Corrientes. En Corrientes, el porcentaje de pobreza es del 36%, mientras que en nuestra regi\u00f3n es del 60%, lo cual es un error metodol\u00f3gico y estad\u00edstico por varias razones\u201d.<br \/>\nY seguidamente Capitanich explic\u00f3 las razones esgrimidas: \u201cPrimero, nuestra regi\u00f3n cuenta con un sector privado m\u00e1s desarrollado en t\u00e9rminos de empleo formal, y tenemos un solo puente que nos divide, lo que implica una estructura social similar.  Estas muestras suelen tener un alto nivel de rechazo o no respuesta, aproximadamente el 40% de los encuestados. Esto genera una extrapolaci\u00f3n de datos que no es apropiada desde el punto de vista metodol\u00f3gico, ya que muchas veces se dejan sin respuesta 120 de las 300 encuestas. Por lo tanto, es posible considerar una medici\u00f3n de la pobreza basada en ingresos, pero sin crear diferencias significativas entre provincias o conglomerados\u201d.<br \/>\nAdem\u00e1s se\u00f1al\u00f3 que \u201cen un pa\u00eds con una alta inflaci\u00f3n, los ingresos por s\u00ed solos no pueden determinar con precisi\u00f3n el problema de la pobreza. Por esta raz\u00f3n, en la provincia del Chaco adoptamos un enfoque multidimensional para medir la pobreza, considerando tres componentes: infraestructura social b\u00e1sica, acceso a derechos y calidad de los mismos, y pol\u00edticas de ingresos\u201d.<br \/>\nEn este sentido el gobernador se\u00f1al\u00f3 que no se han ponderado correctamente la situaci\u00f3n de la canasta b\u00e1sica de alimentos y tambi\u00e9n se observan asimetr\u00edas en lo que respecta al costo de los servicios y transportes. \u201cEs importante destacar que no se ha actualizado ni ponderado correctamente la canasta b\u00e1sica de alimentos en cada jurisdicci\u00f3n durante mucho tiempo. Tambi\u00e9n observamos asimetr\u00edas en los costos de servicios y transporte entre nuestra regi\u00f3n y Corrientes, lo que afecta los ingresos de las personas. Estas disparidades generan diferencias en la medici\u00f3n de la pobreza\u201d, dijo el mandatario.<br \/>\n\u201cReconocemos que la pobreza es un problema grave, pero es necesario abordarlo de manera multidimensional, considerando no solo los ingresos, sino tambi\u00e9n la infraestructura, el acceso a derechos y la calidad de vida, incluyendo la informalidad laboral\u201d agreg\u00f3.<br \/>\nSi bien la tendencia en alza se mantuvo en todo el pa\u00eds, a las y los especialistas del El Instituto Provincial de Estad\u00edsticas y Ciencia de Datos de Datos del Chaco (IPECD) les llam\u00f3 la atenci\u00f3n la elevada cifra que sit\u00faa a la capital chaque\u00f1a como la ciudad m\u00e1s afectada, sobre todo si se la compara con otras ciudades del NEA, con las que comparten estructuras regionales pr\u00e1cticamente id\u00e9nticas y que son sometidas a un mismo contexto inflacionario.<br \/>\nDebido a esto, la provincia del Chaco realiz\u00f3 una presentaci\u00f3n formal ante el Indec para solicitar la revisi\u00f3n de la metodolog\u00eda instrumentada, con el objetivo de brindar transparencia a la comunidad.<\/p>\n<p>Informalidad y asimetr\u00edas en los ingresos<\/p>\n<p>Capitanich se\u00f1al\u00f3 que la alta informalidad laboral en la regi\u00f3n genera asimetr\u00edas en los ingresos, ya que los empleos formales suelen tener mayores ingresos en comparaci\u00f3n con los empleos informales, que tambi\u00e9n enfrentan problemas de discontinuidad y acceso limitado al cr\u00e9dito.<br \/>\n\u201cPara abordar este problema &#8211; dijo &#8211; se implementan pol\u00edticas p\u00fablicas que se centran en cr\u00e9ditos no bancarios, apoyo al emprendimiento y estrategias para generar ingresos en las familias\u201d agreg\u00f3.<br \/>\nEn este sentido se\u00f1al\u00f3 que es fundamental adoptar un enfoque metodol\u00f3gico multidimensional y contar con sistemas de medici\u00f3n de alta calidad para tomar decisiones en pol\u00edticas p\u00fablicas y abordar los problemas estructurales y coyunturales.<br \/>\nCapitanich record\u00f3 que en el pasado, se med\u00eda la pobreza a trav\u00e9s de dos vectores: la pobreza por ingresos mediante encuestas y la pobreza estructural a trav\u00e9s de censos que evaluaban necesidades b\u00e1sicas insatisfechas y condiciones de vida.<br \/>\n\u201cEn un contexto de concentraci\u00f3n corporativa, desigualdades sociales y asimetr\u00edas territoriales, es necesario medir adecuadamente para corregir deficiencias y desequilibrios. Argentina ha enfrentado tres restricciones hist\u00f3ricas: la restricci\u00f3n externa relacionada con la oferta de divisas, la restricci\u00f3n log\u00edstica en inversiones y asimetr\u00edas territoriales, y la restricci\u00f3n energ\u00e9tica\u201d, explic\u00f3.<br \/>\nCapitanich explic\u00f3 que la entrevista radial : \u201cEste problema, que yo observo,  es un problema serio y estructural de la Rep\u00fablica Argentina, tiene que ver con lo que se trata de un componente hist\u00f3rico, es decir, un proceso de apropiaci\u00f3n de la tierra por parte de una oligarqu\u00eda terrateniente, que gener\u00f3 una demora en la industrializaci\u00f3n del pa\u00eds para la generaci\u00f3n de empleo y equidad distributiva, que gener\u00f3 un sistema de centralizaci\u00f3n en la cobertura territorial y que, obviamente, a trav\u00e9s de una alianza estrat\u00e9gica con Inglaterra, principal potencia de la \u00e9poca, lo que genera un modelo agroexportador en un sistema de inserci\u00f3n de la Divisi\u00f3n Internacional de Trabajo, que nos genera enorme exclusi\u00f3n de car\u00e1cter social y asimetr\u00edas en la distribuci\u00f3n del ingreso\u201d.<br \/>\nY ponder\u00f3 que \u201c las correcciones que se dan a trav\u00e9s de gobiernos populares son denostadas claramente por los poderes corporativos, que obviamente generan un problema de articulaci\u00f3n desde el punto de vista social, que muchas veces se da tambi\u00e9n con resultados electorales\u201d.<\/p><\/div>\n","protected":false},"excerpt":{"rendered":"<p>En declaraciones al programa de Victor Hugo Morales en AM750, el gobernador Jorge Capitanich se refiri\u00f3 a la \u00faltima medici\u00f3n de pobreza del Indec.\u201cReconocemos que la pobreza es un problema grave, pero es necesario abordarlo de manera multidimensional, considerando no solo los ingresos, sino tambi\u00e9n la infraestructura, el acceso a derechos y la calidad de [&hellip;]<\/p>\n","protected":false},"author":1,"featured_media":27475,"comment_status":"closed","ping_status":"closed","sticky":false,"template":"","format":"standard","meta":{"footnotes":""},"categories":[6],"tags":[],"class_list":{"0":"post-27474","1":"post","2":"type-post","3":"status-publish","4":"format-standard","5":"has-post-thumbnail","7":"category-chaco"},"_links":{"self":[{"href":"https:\/\/chacosintesis.com.ar\/index.php\/wp-json\/wp\/v2\/posts\/27474","targetHints":{"allow":["GET"]}}],"collection":[{"href":"https:\/\/chacosintesis.com.ar\/index.php\/wp-json\/wp\/v2\/posts"}],"about":[{"href":"https:\/\/chacosintesis.com.ar\/index.php\/wp-json\/wp\/v2\/types\/post"}],"author":[{"embeddable":true,"href":"https:\/\/chacosintesis.com.ar\/index.php\/wp-json\/wp\/v2\/users\/1"}],"replies":[{"embeddable":true,"href":"https:\/\/chacosintesis.com.ar\/index.php\/wp-json\/wp\/v2\/comments?post=27474"}],"version-history":[{"count":0,"href":"https:\/\/chacosintesis.com.ar\/index.php\/wp-json\/wp\/v2\/posts\/27474\/revisions"}],"wp:featuredmedia":[{"embeddable":true,"href":"https:\/\/chacosintesis.com.ar\/index.php\/wp-json\/wp\/v2\/media\/27475"}],"wp:attachment":[{"href":"https:\/\/chacosintesis.com.ar\/index.php\/wp-json\/wp\/v2\/media?parent=27474"}],"wp:term":[{"taxonomy":"category","embeddable":true,"href":"https:\/\/chacosintesis.com.ar\/index.php\/wp-json\/wp\/v2\/categories?post=27474"},{"taxonomy":"post_tag","embeddable":true,"href":"https:\/\/chacosintesis.com.ar\/index.php\/wp-json\/wp\/v2\/tags?post=27474"}],"curies":[{"name":"wp","href":"https:\/\/api.w.org\/{rel}","templated":true}]}}