{"id":27466,"date":"2023-09-29T17:27:46","date_gmt":"2023-09-29T20:27:46","guid":{"rendered":"https:\/\/chacosintesis.com.ar\/?p=27466"},"modified":"2023-09-29T17:37:06","modified_gmt":"2023-09-29T20:37:06","slug":"mujeres-cooperativistas-cuentan-con-vivienda-propia-en-la-zona-sur-de-resistencia","status":"publish","type":"post","link":"https:\/\/chacosintesis.com.ar\/index.php\/mujeres-cooperativistas-cuentan-con-vivienda-propia-en-la-zona-sur-de-resistencia\/","title":{"rendered":"Mujeres cooperativistas cuentan con vivienda propia en la zona sur de Resistencia"},"content":{"rendered":"<div class=\"postie-post\">&#8220;Fue un gran esfuerzo llevar adelante estas obras; sin las gestiones del gobernador no hubiese sido posible&#8221;, se\u00f1alaron en referencia a las 1.500 unidades entregadas a la fecha a trav\u00e9s del IAFEP.<br \/>\nEl gobierno provincial entreg\u00f3 cinco viviendas a mujeres de la Fundaci\u00f3n Logremos una Infancia Plena. \u201cEn este momento, solo quienes estamos ac\u00e1 sabemos la importancia que tiene para una familia el acceso al techo y para los trabajadores y trabajadoras de la construcci\u00f3n poder trabajar\u201d, se\u00f1al\u00f3 la ministra de Desarrollo Social, P\u00eda Chiaccio Cavana.<br \/>\nAcompa\u00f1ada por el titular del Instituto de Agricultura Familiar y Econom\u00eda Popular (IAFEP), Mauricio Andi\u00f3n, la funcionaria resalt\u00f3 que &#8220;es la primera vez que desde dicho organismo se ha logrado iniciar la ejecuci\u00f3n de m\u00e1s de cuatro mil viviendas en la provincia&#8221;. \u201cSomos la \u00fanica provincia que reconoci\u00f3 el valor de la econom\u00eda popular, las cooperativas y su capacidad para construir viviendas y llevar soluci\u00f3n a las familias que no ten\u00edan acceso\u201d, sostuvo.<br \/>\nAndi\u00f3n puso en valor la pol\u00edtica habitacional llevada adelante por el gobernador Capitanich a trav\u00e9s de distintos programas para garantizar una vivienda digna para miles de familias chaque\u00f1as. \u201cFue un gran esfuerzo llevar adelante estas obras; sin las gestiones del gobernador no hubiese sido posible\u201d, subray\u00f3 en referencia a las 1.500 unidades que fueron entregadas a la fecha a trav\u00e9s del organismo.<br \/>\n\u201cPr\u00f3ximamente culminaremos tres viviendas m\u00e1s en la chacra 215 de esta zona y de aqu\u00ed al 10 de diciembre estaremos entregando mil m\u00e1s en distintos lugares\u201d, precis\u00f3 Andi\u00f3n. Asimismo, destac\u00f3 el desarrollo urbnan\u00edstico de la zona Sur de Resistencia gracias a obras estructurales que la Provincia ejecut\u00f3 en el \u00faltimo tiempo: cuadras de pavimento, cloacas, desag\u00fces y la cisterna sur del tercer acueducto.<br \/>\nPor su parte, Orlando Mart\u00ednez de la Fundaci\u00f3n Logremos una Infancia Plena, destac\u00f3 la importancia del trabajo de los movimientos: \u201chace cinco a\u00f1os estamos trabajando para dale estas viviendas a las compa\u00f1eras que no ten\u00edan d\u00f3nde vivir\u201d. En la oportunidad, se inaugur\u00f3 tambi\u00e9n un taller textil que fabricar\u00e1 remeras estampadas en un proyecto que incluye maquinaria para la fabricaci\u00f3n de trapos de piso y servilletas. En el proyecto trabajan 30 mujeres y 15 hombres.<\/div>\n","protected":false},"excerpt":{"rendered":"<p>&#8220;Fue un gran esfuerzo llevar adelante estas obras; sin las gestiones del gobernador no hubiese sido posible&#8221;, se\u00f1alaron en referencia a las 1.500 unidades entregadas a la fecha a trav\u00e9s del IAFEP. El gobierno provincial entreg\u00f3 cinco viviendas a mujeres de la Fundaci\u00f3n Logremos una Infancia Plena. \u201cEn este momento, solo quienes estamos ac\u00e1 sabemos [&hellip;]<\/p>\n","protected":false},"author":1,"featured_media":27467,"comment_status":"closed","ping_status":"closed","sticky":false,"template":"","format":"standard","meta":{"footnotes":""},"categories":[6],"tags":[],"class_list":{"0":"post-27466","1":"post","2":"type-post","3":"status-publish","4":"format-standard","5":"has-post-thumbnail","7":"category-chaco"},"_links":{"self":[{"href":"https:\/\/chacosintesis.com.ar\/index.php\/wp-json\/wp\/v2\/posts\/27466","targetHints":{"allow":["GET"]}}],"collection":[{"href":"https:\/\/chacosintesis.com.ar\/index.php\/wp-json\/wp\/v2\/posts"}],"about":[{"href":"https:\/\/chacosintesis.com.ar\/index.php\/wp-json\/wp\/v2\/types\/post"}],"author":[{"embeddable":true,"href":"https:\/\/chacosintesis.com.ar\/index.php\/wp-json\/wp\/v2\/users\/1"}],"replies":[{"embeddable":true,"href":"https:\/\/chacosintesis.com.ar\/index.php\/wp-json\/wp\/v2\/comments?post=27466"}],"version-history":[{"count":0,"href":"https:\/\/chacosintesis.com.ar\/index.php\/wp-json\/wp\/v2\/posts\/27466\/revisions"}],"wp:featuredmedia":[{"embeddable":true,"href":"https:\/\/chacosintesis.com.ar\/index.php\/wp-json\/wp\/v2\/media\/27467"}],"wp:attachment":[{"href":"https:\/\/chacosintesis.com.ar\/index.php\/wp-json\/wp\/v2\/media?parent=27466"}],"wp:term":[{"taxonomy":"category","embeddable":true,"href":"https:\/\/chacosintesis.com.ar\/index.php\/wp-json\/wp\/v2\/categories?post=27466"},{"taxonomy":"post_tag","embeddable":true,"href":"https:\/\/chacosintesis.com.ar\/index.php\/wp-json\/wp\/v2\/tags?post=27466"}],"curies":[{"name":"wp","href":"https:\/\/api.w.org\/{rel}","templated":true}]}}