{"id":27458,"date":"2023-09-29T17:12:22","date_gmt":"2023-09-29T20:12:22","guid":{"rendered":"https:\/\/chacosintesis.com.ar\/?p=27458"},"modified":"2023-09-29T17:36:45","modified_gmt":"2023-09-29T20:36:45","slug":"villavicencio-se-trata-de-avanzar-en-la-construccion-de-medios-publicos-en-un-escenario-politico-dificil","status":"publish","type":"post","link":"https:\/\/chacosintesis.com.ar\/index.php\/villavicencio-se-trata-de-avanzar-en-la-construccion-de-medios-publicos-en-un-escenario-politico-dificil\/","title":{"rendered":"Villavicencio: &#8220;Se trata de avanzar en la construcci\u00f3n de medios p\u00fablicos en un escenario pol\u00edtico dif\u00edcil&#8221;"},"content":{"rendered":"<div class=\"postie-post\">La directora de Radio Nacional Resistencia se refiri\u00f3 a la conformaci\u00f3n del Consejo Federal de Radios P\u00fablicas.<br \/>\nLa directora de Radio Nacional Resistencia, Silvia Villavicencio, habl\u00f3 con Radio Provincia del Chaco sobre la conformaci\u00f3n del Consejo Federal de Radios P\u00fablicas, que busca potenciar el desarrollo de los medios p\u00fablicos y planificar pol\u00edticas de trabajo. La locutora dijo que &#8220;lo que busca el Consejo es desarrollar a los medios p\u00fablicos para pol\u00edticas de gesti\u00f3n, de realizaci\u00f3n de contenidos&#8221;. En este sentido, manifest\u00f3 la importancia de avanzar en la construcci\u00f3n de medios p\u00fablicos en un escenario pol\u00edtico dif\u00edcil, en donde hay candidatos que se manifiestan en contra del Estado y de los medios p\u00fablicos&#8221;. Villavicencio dijo que se debe comprender que &#8220;m\u00e1s all\u00e1 del criterio comercial que tienen distintas radios privadas, junto a los medios p\u00fablicos todas tenemos una identidad com\u00fan&#8221;. La Asociaci\u00f3n Civil que nuclea a las emisoras dependientes del Estado nacional, las provincias, los municipios y las universidades nacionales, se constituy\u00f3 y tendr\u00e1 entre sus objetivos potenciar el desarrollo de los medios p\u00fablicos, planificar pol\u00edticas conjuntas de gesti\u00f3n e intercambiar experiencias de trabajo. El documento fundacional fue suscripto por Rosario Lufrano, Alejandro Pont Lezica, y los apoderados de Medios P\u00fablicos del Chaco, Juli\u00e1n Ceballos, y La Rioja, Guillermo Meg\u00edas, en un acto realizado en el Auditorio de Radio Nacional, junto a directoras y directores de las emisoras nacionales, radios provinciales y universitarias. Agust\u00edn Rossi expres\u00f3 que &#8221; la decisi\u00f3n de crear este Consejo Federal de Radios P\u00fablicas de la Argentina es muy buena, invitar a todo el resto de las radios universitarias, las radios municipales, las expresiones provinciales que pudiesen existir, es absolutamente necesario y est\u00e1 bueno el momento. \u00bfPor qu\u00e9 est\u00e1 bueno el momento? Porque yo creo que cuando te atacan no hay que retroceder, ten\u00e9s que salir adelante sin agachar la cabeza, y dar debate con tus valores y creencias&#8221;. &#8220;No sirve el debate de Estado chico o Estado grande, existe el debate de Estado presente o Estado ausente. El Estado presente es el Estado que nosotros defendemos. El Estado ausente es el Estado que le sirve solamente a un sector de la sociedad y no a los sectores populares&#8221; asegur\u00f3 el Jefe de Gabinete de Ministros de la Naci\u00f3n.<\/div>\n","protected":false},"excerpt":{"rendered":"<p>La directora de Radio Nacional Resistencia se refiri\u00f3 a la conformaci\u00f3n del Consejo Federal de Radios P\u00fablicas. La directora de Radio Nacional Resistencia, Silvia Villavicencio, habl\u00f3 con Radio Provincia del Chaco sobre la conformaci\u00f3n del Consejo Federal de Radios P\u00fablicas, que busca potenciar el desarrollo de los medios p\u00fablicos y planificar pol\u00edticas de trabajo. La [&hellip;]<\/p>\n","protected":false},"author":1,"featured_media":27459,"comment_status":"closed","ping_status":"closed","sticky":false,"template":"","format":"standard","meta":{"footnotes":""},"categories":[6],"tags":[],"class_list":{"0":"post-27458","1":"post","2":"type-post","3":"status-publish","4":"format-standard","5":"has-post-thumbnail","7":"category-chaco"},"_links":{"self":[{"href":"https:\/\/chacosintesis.com.ar\/index.php\/wp-json\/wp\/v2\/posts\/27458","targetHints":{"allow":["GET"]}}],"collection":[{"href":"https:\/\/chacosintesis.com.ar\/index.php\/wp-json\/wp\/v2\/posts"}],"about":[{"href":"https:\/\/chacosintesis.com.ar\/index.php\/wp-json\/wp\/v2\/types\/post"}],"author":[{"embeddable":true,"href":"https:\/\/chacosintesis.com.ar\/index.php\/wp-json\/wp\/v2\/users\/1"}],"replies":[{"embeddable":true,"href":"https:\/\/chacosintesis.com.ar\/index.php\/wp-json\/wp\/v2\/comments?post=27458"}],"version-history":[{"count":0,"href":"https:\/\/chacosintesis.com.ar\/index.php\/wp-json\/wp\/v2\/posts\/27458\/revisions"}],"wp:featuredmedia":[{"embeddable":true,"href":"https:\/\/chacosintesis.com.ar\/index.php\/wp-json\/wp\/v2\/media\/27459"}],"wp:attachment":[{"href":"https:\/\/chacosintesis.com.ar\/index.php\/wp-json\/wp\/v2\/media?parent=27458"}],"wp:term":[{"taxonomy":"category","embeddable":true,"href":"https:\/\/chacosintesis.com.ar\/index.php\/wp-json\/wp\/v2\/categories?post=27458"},{"taxonomy":"post_tag","embeddable":true,"href":"https:\/\/chacosintesis.com.ar\/index.php\/wp-json\/wp\/v2\/tags?post=27458"}],"curies":[{"name":"wp","href":"https:\/\/api.w.org\/{rel}","templated":true}]}}