{"id":27454,"date":"2023-09-29T17:06:09","date_gmt":"2023-09-29T20:06:09","guid":{"rendered":"https:\/\/chacosintesis.com.ar\/?p=27454"},"modified":"2023-09-29T17:07:38","modified_gmt":"2023-09-29T20:07:38","slug":"la-bienal-2024-contara-con-mas-de-200-emprendimientos-chaquenos","status":"publish","type":"post","link":"https:\/\/chacosintesis.com.ar\/index.php\/la-bienal-2024-contara-con-mas-de-200-emprendimientos-chaquenos\/","title":{"rendered":"La Bienal 2024 contar\u00e1 con m\u00e1s de 200 emprendimientos chaque\u00f1os"},"content":{"rendered":"<div class=\"postie-post\">Ser\u00e1 una oportunidad \u00fanica para emprendedoras y emprendedores de m\u00e1s de 36 localidades, ya que tendr\u00e1n participaci\u00f3n exclusiva en el gran encuentro internacional.<br \/>\nEl Club de Emprendedores del Chaco, junto a la fundaci\u00f3n Urunday, acordaron un convenio marco para la participaci\u00f3n exclusiva de las y los emprendedores del Chaco en la Bienal Internacional de la Escultura 2024. En la oportunidad, participar\u00e1n m\u00e1s de 36 localidades y contar\u00e1n con m\u00e1s de 200 lugares para que cada emprendedor y emprendedora, logre igualdad de oportunidades de una manera totalmente gratuita. \u201cEs muy importante garantizar la participaci\u00f3n de nuestros emprendedores en la Bienal del Chaco\u201d, asegur\u00f3 Jos\u00e9 Eidman, presidente de la Fundaci\u00f3n Urunday. Y agreg\u00f3 que \u201cdesde la organizaci\u00f3n, estamos convencidos que esto le aporta valor a nuestra Bienal\u201d. La presidenta del Club, Flavia G\u00f3mez celebr\u00f3 este convenio y dijo que ser\u00e1 una \u201cgran oportunidad para nuestras y nuestros emprendedores, generando econom\u00eda, producci\u00f3n local y el autoempleo que es nuestro mayor compromiso\u201d. Las inscripciones y \u00faltimas novedades, se ir\u00e1n publicando en el Instagram oficial @clubdeemprendedores_chaco<\/div>\n","protected":false},"excerpt":{"rendered":"<p>Ser\u00e1 una oportunidad \u00fanica para emprendedoras y emprendedores de m\u00e1s de 36 localidades, ya que tendr\u00e1n participaci\u00f3n exclusiva en el gran encuentro internacional. El Club de Emprendedores del Chaco, junto a la fundaci\u00f3n Urunday, acordaron un convenio marco para la participaci\u00f3n exclusiva de las y los emprendedores del Chaco en la Bienal Internacional de la [&hellip;]<\/p>\n","protected":false},"author":1,"featured_media":27455,"comment_status":"closed","ping_status":"closed","sticky":false,"template":"","format":"standard","meta":{"footnotes":""},"categories":[6],"tags":[],"class_list":{"0":"post-27454","1":"post","2":"type-post","3":"status-publish","4":"format-standard","5":"has-post-thumbnail","7":"category-chaco"},"_links":{"self":[{"href":"https:\/\/chacosintesis.com.ar\/index.php\/wp-json\/wp\/v2\/posts\/27454","targetHints":{"allow":["GET"]}}],"collection":[{"href":"https:\/\/chacosintesis.com.ar\/index.php\/wp-json\/wp\/v2\/posts"}],"about":[{"href":"https:\/\/chacosintesis.com.ar\/index.php\/wp-json\/wp\/v2\/types\/post"}],"author":[{"embeddable":true,"href":"https:\/\/chacosintesis.com.ar\/index.php\/wp-json\/wp\/v2\/users\/1"}],"replies":[{"embeddable":true,"href":"https:\/\/chacosintesis.com.ar\/index.php\/wp-json\/wp\/v2\/comments?post=27454"}],"version-history":[{"count":0,"href":"https:\/\/chacosintesis.com.ar\/index.php\/wp-json\/wp\/v2\/posts\/27454\/revisions"}],"wp:featuredmedia":[{"embeddable":true,"href":"https:\/\/chacosintesis.com.ar\/index.php\/wp-json\/wp\/v2\/media\/27455"}],"wp:attachment":[{"href":"https:\/\/chacosintesis.com.ar\/index.php\/wp-json\/wp\/v2\/media?parent=27454"}],"wp:term":[{"taxonomy":"category","embeddable":true,"href":"https:\/\/chacosintesis.com.ar\/index.php\/wp-json\/wp\/v2\/categories?post=27454"},{"taxonomy":"post_tag","embeddable":true,"href":"https:\/\/chacosintesis.com.ar\/index.php\/wp-json\/wp\/v2\/tags?post=27454"}],"curies":[{"name":"wp","href":"https:\/\/api.w.org\/{rel}","templated":true}]}}