{"id":27442,"date":"2023-09-29T16:47:46","date_gmt":"2023-09-29T19:47:46","guid":{"rendered":"https:\/\/chacosintesis.com.ar\/?p=27442"},"modified":"2023-09-29T17:07:10","modified_gmt":"2023-09-29T20:07:10","slug":"la-escondida-celebra-sus-96-anos","status":"publish","type":"post","link":"https:\/\/chacosintesis.com.ar\/index.php\/la-escondida-celebra-sus-96-anos\/","title":{"rendered":"La Escondida celebra sus 96 a\u00f1os"},"content":{"rendered":"<div class=\"postie-post\">\u201cSiempre lo celebramos con un lindo acto. Luego habr\u00e1 festivales y muchos m\u00fasicos. Siempre es muy esperado este momento\u201d, se\u00f1al\u00f3 el intendente Francisco Winnik.<br \/>\nHoy, 29 de septiembre, La Escondida celebrar\u00e1 su aniversario 96\u00b0 con diversas actividades art\u00edsticas y culturales. El festejo iniciar\u00e1 una vez terminada el acto conmemorativo por los 96 a\u00f1os que se realizar\u00e1 a partir de las 19. Posteriormente comenzar\u00e1n las actuaciones musicales, en donde se destaca la presencia de Piko Frank.<br \/>\nEn este sentido, el intendente de la localidad, Francisco Winnik, dialog\u00f3 con Radio Provincia del Chaco y expres\u00f3: \u201cSon 96 a\u00f1os de historia. Eso hace que uno ame m\u00e1s el pueblo y cuando no est\u00e1s en el pueblo te entre esa a\u00f1oranza por volver\u201d. Asimismo, agreg\u00f3: \u201cSiempre lo celebramos con un lindo acto. Luego habr\u00e1 festivales y muchos m\u00fasicos. Siempre es muy esperado este momento\u201d.<br \/>\nPor \u00faltimo, invit\u00f3 a la comunidad a visitar La Escondida. \u201cSiempre destaco el amor y el abrazo fraternal que te dan los escondidenses. Podes visitar el Club San Carlos, Delicias-Piacere, museos, una escuela p\u00fablica de nivel terciario con 70 a\u00f1os de vida\u201d. Asimismo, a\u00f1adi\u00f3: \u201cPod\u00e9s visitar la f\u00e1brica m\u00e1s grande de la provincia del Chaco que es de tanino, qu\u00edmico y energ\u00eda. La plaza es la mejor, muy acogedora, muy bonita, con mucho verde, y con un anfiteatro imponente, de los mejores del Chaco\u201d.<br \/>\nLa localidad<br \/>\nSe considera como fecha de fundaci\u00f3n del pueblo el 29 de septiembre de 1927, cuando Noetinger Lepetit S.A. hizo la primera producci\u00f3n de tanino. A ra\u00edz de dicha empresa surgi\u00f3 el nombre de La Escondida, ya que para la instalaci\u00f3n de la f\u00e1brica necesitaban una fuente de agua y fue cuando encontraron una laguna totalmente escondida por la vegetaci\u00f3n local. La empresa construy\u00f3 en forma paralela a la f\u00e1brica un barrio para sus obreros, que constituy\u00f3 el asentamiento primigenio de la localidad.<br \/>\nTodos los a\u00f1os, en el mes de septiembre, se realizan los festejos por el aniversario, con actividades que se desarrollan a lo largo del mes para culminar el 29 de septiembre con el tradicional festival, que re\u00fane a artistas locales y zonales de reconocida trayectoria y a un p\u00fablico de distintas edades de la localidad y de pueblos vecinos.<\/div>\n","protected":false},"excerpt":{"rendered":"<p>\u201cSiempre lo celebramos con un lindo acto. Luego habr\u00e1 festivales y muchos m\u00fasicos. Siempre es muy esperado este momento\u201d, se\u00f1al\u00f3 el intendente Francisco Winnik. Hoy, 29 de septiembre, La Escondida celebrar\u00e1 su aniversario 96\u00b0 con diversas actividades art\u00edsticas y culturales. El festejo iniciar\u00e1 una vez terminada el acto conmemorativo por los 96 a\u00f1os que se [&hellip;]<\/p>\n","protected":false},"author":1,"featured_media":27443,"comment_status":"closed","ping_status":"closed","sticky":false,"template":"","format":"standard","meta":{"footnotes":""},"categories":[6],"tags":[],"class_list":{"0":"post-27442","1":"post","2":"type-post","3":"status-publish","4":"format-standard","5":"has-post-thumbnail","7":"category-chaco"},"_links":{"self":[{"href":"https:\/\/chacosintesis.com.ar\/index.php\/wp-json\/wp\/v2\/posts\/27442","targetHints":{"allow":["GET"]}}],"collection":[{"href":"https:\/\/chacosintesis.com.ar\/index.php\/wp-json\/wp\/v2\/posts"}],"about":[{"href":"https:\/\/chacosintesis.com.ar\/index.php\/wp-json\/wp\/v2\/types\/post"}],"author":[{"embeddable":true,"href":"https:\/\/chacosintesis.com.ar\/index.php\/wp-json\/wp\/v2\/users\/1"}],"replies":[{"embeddable":true,"href":"https:\/\/chacosintesis.com.ar\/index.php\/wp-json\/wp\/v2\/comments?post=27442"}],"version-history":[{"count":0,"href":"https:\/\/chacosintesis.com.ar\/index.php\/wp-json\/wp\/v2\/posts\/27442\/revisions"}],"wp:featuredmedia":[{"embeddable":true,"href":"https:\/\/chacosintesis.com.ar\/index.php\/wp-json\/wp\/v2\/media\/27443"}],"wp:attachment":[{"href":"https:\/\/chacosintesis.com.ar\/index.php\/wp-json\/wp\/v2\/media?parent=27442"}],"wp:term":[{"taxonomy":"category","embeddable":true,"href":"https:\/\/chacosintesis.com.ar\/index.php\/wp-json\/wp\/v2\/categories?post=27442"},{"taxonomy":"post_tag","embeddable":true,"href":"https:\/\/chacosintesis.com.ar\/index.php\/wp-json\/wp\/v2\/tags?post=27442"}],"curies":[{"name":"wp","href":"https:\/\/api.w.org\/{rel}","templated":true}]}}