{"id":27440,"date":"2023-09-29T16:46:26","date_gmt":"2023-09-29T19:46:26","guid":{"rendered":"https:\/\/chacosintesis.com.ar\/?p=27440"},"modified":"2023-09-29T17:07:06","modified_gmt":"2023-09-29T20:07:06","slug":"provincia-y-nacion-acordaron-continuar-con-las-obras-de-desarrollo-urbanistico-y-proyectos-en-ejecucion","status":"publish","type":"post","link":"https:\/\/chacosintesis.com.ar\/index.php\/provincia-y-nacion-acordaron-continuar-con-las-obras-de-desarrollo-urbanistico-y-proyectos-en-ejecucion\/","title":{"rendered":"Provincia y Naci\u00f3n acordaron continuar con las obras de desarrollo urban\u00edstico y proyectos en ejecuci\u00f3n"},"content":{"rendered":"<div class=\"postie-post\">Soneira mantuvo diversas reuniones con autoridades nacionales para asegurar la continuidad de los proyectos en ejecuci\u00f3n y establecer pautas en el marco del proceso de transici\u00f3n del gobierno provincial. En Buenos Aires, la ministra de Ambiente y Desarrollo Territorial Sostenible Marta Soneira se reuni\u00f3 con autoridades de los distintos ministerios nacionales con el fin de avanzar en la agenda de proyectos y obras que se ejecutan, en marco del proceso de transici\u00f3n del gobierno provincial. \u201cTratamos la agenda de proyectos que se ejecutan en la provincia con distintos organismos nacionales, permitiendo afianzar las pol\u00edticas activas para la generaci\u00f3n de un Chaco Sostenible\u201d, asegur\u00f3 la funcionaria chaque\u00f1a quien estuvo acompa\u00f1ada durante esta recorrida por el subsecretario de Ordenamiento Territorial Alan Strusiat, la coordinadora de Relaciones Institucionales Liliana Jara y Leonardo Sabatinelli en representaci\u00f3n del equipo asesor del Ministerio de Infraestructura provincial. La ministra se reuni\u00f3 con la subsecretaria de Gesti\u00f3n de Tierras y Servicios Barriales Fernanda Monticelli, buscando fortalecer los proyectos de desarrollo urban\u00edstico en los distintos puntos de la provincia. Adem\u00e1s de fijar metas y continuidad de las pol\u00edticas para una mejor calidad de vida del pueblo chaque\u00f1o. Tambi\u00e9n junto al equipo de Suelo Urbano y PROCREAR del Ministerio de H\u00e1bitat de Naci\u00f3n acord\u00f3 continuar con los avances de los proyectos de desarrollo urban\u00edstico que se est\u00e1n ejecutando en la provincia y que est\u00e1n relacionados a la mejora y acceso a un h\u00e1bitat adecuado para las chaque\u00f1as y los chaque\u00f1os. De igual manera, con el director de la Direcci\u00f3n General de Proyectos Sectoriales y Especiales (DIPROSE) Gervacio Bonano y Gustavo Vilaluria de Recursos H\u00eddricos de Naci\u00f3n acord\u00f3 avanzar en un plan de acci\u00f3n con objetivos y metas concretas para llevar adelante obras para el desarrollo urbano y territorial en ejecuci\u00f3n en toda la provincia.<\/div>\n","protected":false},"excerpt":{"rendered":"<p>Soneira mantuvo diversas reuniones con autoridades nacionales para asegurar la continuidad de los proyectos en ejecuci\u00f3n y establecer pautas en el marco del proceso de transici\u00f3n del gobierno provincial. En Buenos Aires, la ministra de Ambiente y Desarrollo Territorial Sostenible Marta Soneira se reuni\u00f3 con autoridades de los distintos ministerios nacionales con el fin de [&hellip;]<\/p>\n","protected":false},"author":1,"featured_media":27441,"comment_status":"closed","ping_status":"closed","sticky":false,"template":"","format":"standard","meta":{"footnotes":""},"categories":[6],"tags":[],"class_list":{"0":"post-27440","1":"post","2":"type-post","3":"status-publish","4":"format-standard","5":"has-post-thumbnail","7":"category-chaco"},"_links":{"self":[{"href":"https:\/\/chacosintesis.com.ar\/index.php\/wp-json\/wp\/v2\/posts\/27440","targetHints":{"allow":["GET"]}}],"collection":[{"href":"https:\/\/chacosintesis.com.ar\/index.php\/wp-json\/wp\/v2\/posts"}],"about":[{"href":"https:\/\/chacosintesis.com.ar\/index.php\/wp-json\/wp\/v2\/types\/post"}],"author":[{"embeddable":true,"href":"https:\/\/chacosintesis.com.ar\/index.php\/wp-json\/wp\/v2\/users\/1"}],"replies":[{"embeddable":true,"href":"https:\/\/chacosintesis.com.ar\/index.php\/wp-json\/wp\/v2\/comments?post=27440"}],"version-history":[{"count":0,"href":"https:\/\/chacosintesis.com.ar\/index.php\/wp-json\/wp\/v2\/posts\/27440\/revisions"}],"wp:featuredmedia":[{"embeddable":true,"href":"https:\/\/chacosintesis.com.ar\/index.php\/wp-json\/wp\/v2\/media\/27441"}],"wp:attachment":[{"href":"https:\/\/chacosintesis.com.ar\/index.php\/wp-json\/wp\/v2\/media?parent=27440"}],"wp:term":[{"taxonomy":"category","embeddable":true,"href":"https:\/\/chacosintesis.com.ar\/index.php\/wp-json\/wp\/v2\/categories?post=27440"},{"taxonomy":"post_tag","embeddable":true,"href":"https:\/\/chacosintesis.com.ar\/index.php\/wp-json\/wp\/v2\/tags?post=27440"}],"curies":[{"name":"wp","href":"https:\/\/api.w.org\/{rel}","templated":true}]}}