{"id":27434,"date":"2023-09-29T07:33:09","date_gmt":"2023-09-29T10:33:09","guid":{"rendered":"https:\/\/chacosintesis.com.ar\/?p=27434"},"modified":"2023-09-29T07:56:47","modified_gmt":"2023-09-29T10:56:47","slug":"preocupacion-en-el-sudoeste-por-el-mantenimiento-del-canal-en-pampa-del-cielo","status":"publish","type":"post","link":"https:\/\/chacosintesis.com.ar\/index.php\/preocupacion-en-el-sudoeste-por-el-mantenimiento-del-canal-en-pampa-del-cielo\/","title":{"rendered":"Preocupaci\u00f3n en el Sudoeste por el mantenimiento del canal en Pampa del Cielo"},"content":{"rendered":"<div class=\"postie-post\">Desde el Consorcio Caminero 14 advirtieron sobre la cantidad de obras que desembocan en el conducto y que no soportar\u00eda un potencial desborde.<\/p>\n<p>El Consorcio Caminero 14 de esta ciudad aprob\u00f3 en asamblea la Memoria y Balance, al tiempo que renov\u00f3 parte de su comisi\u00f3n directiva. En la presidencia contin\u00faa Marcelo Aquilino, quien analiz\u00f3 la actualidad de la zona.<\/p>\n<p>En la asamblea, tambi\u00e9n se trataron temas relacionados a la campa\u00f1a anterior, y la renovaci\u00f3n de parte de la comisi\u00f3n, que en realidad, mayormente dio continuidad a quienes ya est\u00e1n trabajando, entre ellos Marcelo Aquilino, como presidente.<br \/>\nEl \u00fanico cambio fue por Abel Rodr\u00edguez, quien falleci\u00f3 hace unos meses, por Eduardo Benito. &#8220;No sobran recursos, pero, administr\u00e1ndolos bien, lo hacemos que alcancen. La zona rural demanda siempre que los caminos, que las cunetas, que las malezas, en fin; a todo eso tenemos que estar atentos en la parte econ\u00f3mica, porque si no, no nos alcanza&#8221;, enfatiz\u00f3.<br \/>\n&#8220;Tenemos 514 kil\u00f3metros y cuatro empleados. Deber\u00edamos tener cinco, por lo menos, que en un tiempo lo tuvimos, pero uno se jubil\u00f3 y no tomamos otro porque no nos dan los recursos; si los recursos var\u00edan, nosotros herramientas tenemos, pero necesitar\u00edamos un personal m\u00e1s para poder atender, si vienen \u00e9pocas en que llueve y los caminos se destruyen&#8221;, explic\u00f3.<\/p>\n<p> &#8220;Los productores somos los principales usuarios de los caminos, entonces si no nos preocupamos nosotros, muy dif\u00edcilmente, as\u00ed como hace el municipio, en la zona urbana, nosotros lo tenemos que hacer en la zona rural&#8221;, indic\u00f3.<br \/>\nCanales de desag\u00fce<br \/>\nRespecto a los canales de desag\u00fce, el tema que gener\u00f3 varias disputas, problemas entre vecinos y anegaci\u00f3n de caminos, p\u00e9rdidas importantes luego del 2019, por la situaci\u00f3n de los canales, indic\u00f3: &#8220;El Consorcio no los puede mantener, porque no tiene ni herramientas, ni los fondos necesarios. Nosotros vemos que por la ruta hacia Las Bre\u00f1as se est\u00e1 construyendo desag\u00fces, canales, todos vienen a desembocar en el canal de Pampa del Cielo, y no est\u00e1 preparado para recibir tanta cantidad de agua, o sea que estamos preocupados todos porque si de ocurrir lluvias en exceso vamos a volver a tener problemas&#8221;.<br \/>\nTambi\u00e9n agreg\u00f3, sobre la situaci\u00f3n actual de trabajo, que por la falta de lluvia se est\u00e1n reparando alcantarillas, haciendo limpieza de las mismas, y alg\u00fan corte de ramas por ah\u00ed, de \u00e1rboles que crecen hacia los caminos&#8221;.<\/p>\n<p>DIARIO NORTE.-<\/p>\n<\/div>\n","protected":false},"excerpt":{"rendered":"<p>Desde el Consorcio Caminero 14 advirtieron sobre la cantidad de obras que desembocan en el conducto y que no soportar\u00eda un potencial desborde. El Consorcio Caminero 14 de esta ciudad aprob\u00f3 en asamblea la Memoria y Balance, al tiempo que renov\u00f3 parte de su comisi\u00f3n directiva. En la presidencia contin\u00faa Marcelo Aquilino, quien analiz\u00f3 la [&hellip;]<\/p>\n","protected":false},"author":1,"featured_media":27435,"comment_status":"closed","ping_status":"closed","sticky":false,"template":"","format":"standard","meta":{"footnotes":""},"categories":[6],"tags":[197],"class_list":{"0":"post-27434","1":"post","2":"type-post","3":"status-publish","4":"format-standard","5":"has-post-thumbnail","7":"category-chaco","8":"tag-destacada"},"_links":{"self":[{"href":"https:\/\/chacosintesis.com.ar\/index.php\/wp-json\/wp\/v2\/posts\/27434","targetHints":{"allow":["GET"]}}],"collection":[{"href":"https:\/\/chacosintesis.com.ar\/index.php\/wp-json\/wp\/v2\/posts"}],"about":[{"href":"https:\/\/chacosintesis.com.ar\/index.php\/wp-json\/wp\/v2\/types\/post"}],"author":[{"embeddable":true,"href":"https:\/\/chacosintesis.com.ar\/index.php\/wp-json\/wp\/v2\/users\/1"}],"replies":[{"embeddable":true,"href":"https:\/\/chacosintesis.com.ar\/index.php\/wp-json\/wp\/v2\/comments?post=27434"}],"version-history":[{"count":0,"href":"https:\/\/chacosintesis.com.ar\/index.php\/wp-json\/wp\/v2\/posts\/27434\/revisions"}],"wp:featuredmedia":[{"embeddable":true,"href":"https:\/\/chacosintesis.com.ar\/index.php\/wp-json\/wp\/v2\/media\/27435"}],"wp:attachment":[{"href":"https:\/\/chacosintesis.com.ar\/index.php\/wp-json\/wp\/v2\/media?parent=27434"}],"wp:term":[{"taxonomy":"category","embeddable":true,"href":"https:\/\/chacosintesis.com.ar\/index.php\/wp-json\/wp\/v2\/categories?post=27434"},{"taxonomy":"post_tag","embeddable":true,"href":"https:\/\/chacosintesis.com.ar\/index.php\/wp-json\/wp\/v2\/tags?post=27434"}],"curies":[{"name":"wp","href":"https:\/\/api.w.org\/{rel}","templated":true}]}}