{"id":27426,"date":"2023-09-28T21:34:02","date_gmt":"2023-09-29T00:34:02","guid":{"rendered":"https:\/\/chacosintesis.com.ar\/?p=27426"},"modified":"2023-09-28T21:37:37","modified_gmt":"2023-09-29T00:37:37","slug":"capitanich-se-reunio-con-sergio-massa-en-buenos-aires","status":"publish","type":"post","link":"https:\/\/chacosintesis.com.ar\/index.php\/capitanich-se-reunio-con-sergio-massa-en-buenos-aires\/","title":{"rendered":"Capitanich se reuni\u00f3 con Sergio Massa en Buenos Aires"},"content":{"rendered":"<div class=\"postie-post\">El gobernador chaque\u00f1o comparti\u00f3 una tarde de trabajo con el ministro de Econom\u00eda de la Naci\u00f3n y candidato a presidente de \u201cUni\u00f3n por la Patria\u201d. El encuentro tuvo lugar en la sede del ministerio nacional y tuvo como objetivo ratificar el apoyo a la campa\u00f1a nacional de cara a las elecciones nacionales del 22 de octubre.<br \/>\n\u201cEsta tarde nos reunimos con el ministro de Econom\u00eda y candidato a presidente, Sergio Massa\u201d, fueron las palabras de Capitanich en sus redes sociales.<br \/>\nEl encuentro tambi\u00e9n tuvo como eje ratificar el contundente apoyo a las y los candidatos de Uni\u00f3n por la Patria Chaco para el Congreso de la Naci\u00f3n: Aldo Leiva, Julieta Campo, Osvaldo P\u00e9rez Cuevas, Johanna Duarte y C\u00e9sar Frugoni, y para el Parlasur, Ra\u00fal Bittel.<br \/>\nEn las \u00faltimas semanas, el ministro de Econom\u00eda y candidato presidencial de Uni\u00f3n por la Patria realiz\u00f3 una bater\u00eda de anuncios entre los que se destacan el pago de sumas fijas, la implementaci\u00f3n del programa Compre sin IVA y la eliminaci\u00f3n de la cuarta categor\u00eda del Impuesto a las Ganancias.<br \/>\nA estas medidas se suma el reciente anuncio en beneficio de los trabajadores informales a trav\u00e9s de dos bonos, beneficiando a un sector de la poblaci\u00f3n que no hab\u00eda sido alcanzado por las medidas econ\u00f3micas dispuestas en las \u00faltimas semanas para atenuar el impacto de la devaluaci\u00f3n impuesta por el FMI.<br \/>\n\u2022  Devoluci\u00f3n del IVA: aplica sobre productos de la canasta b\u00e1sica alimentaria con un tope de $18.800 para trabajadores, jubilados y pensionados, beneficiarios de la AUH y monotributistas que abonen sus compras con tarjeta de d\u00e9bito.<br \/>\n\u2022  Eliminaci\u00f3n del Impuesto a las Ganancias: refiere a trabajadores y jubilados con ingresos inferiores a $1.770.000.<br \/>\n\u2022  Bono de $37 mil pesos: ser\u00e1 otorgado para jubilados que perciban un haber de hasta $124 mil en los meses de septiembre, octubre y noviembre. Tambi\u00e9n la disponibilidad de cr\u00e9ditos de hasta $400 mil a tasa subsidiada y aumento del refuerzo alimentario PAMI de $45 mil en tres cuotas.<br \/>\n\u2022 Precios Justos: para m\u00e1s de 50 mil productos. La suspensi\u00f3n de los aumentos de la medicina prepaga. El congelamiento de combustibles y medicamentos hasta el 1 de noviembre.<br \/>\n\u2022 Extensi\u00f3n del pago para monotributistas de las categor\u00edas A, B, C y D por seis meses. Acceso a cr\u00e9ditos de hasta $400.000 a tasa subsidiada y puesta en marcha del monotributo productivo para trabajadores independientes.<br \/>\n\u2022 Aumento del 30% en la Tarjeta Alimentar. Refuerzo de $20 mil para el Potenciar Trabajo y $25 mil para el personal de casas particulares.<br \/>\n\u2022 Reducci\u00f3n de cargas sociales para empleo joven, devoluci\u00f3n del 100% para contribuciones de MicroPyMes y del 50% para PyMEs. Tambi\u00e9n la promoci\u00f3n de la Econom\u00eda del Conocimiento mediante la prefinanciaci\u00f3n de exportaciones.<br \/>\n\u2022 Eliminaci\u00f3n de las retenciones para las exportaciones de econom\u00edas regionales.<br \/>\n\u2022 Aumento de la inversi\u00f3n educativa al 8% del PBI mediante la Ley de Financiamiento Educativo. Construcci\u00f3n de escuelas t\u00e9cnicas con la inclusi\u00f3n de programaci\u00f3n y rob\u00f3tica y la universalizaci\u00f3n de las salas de 3, 4 y 5 a\u00f1os.<br \/>\n\u2022 Bono para trabajadores informales: Ser\u00e1 en dos pagos de $47.000 en octubre y noviembre para trabajadores informales de entre 18 y 64 a\u00f1os, que no cuentan con ingresos registrados ni perciben asistencia econ\u00f3mica del Estado, como la Asignaci\u00f3n Universal por Hijo (AUH), las becas Progresar o el Potenciar Trabajo.<\/div>\n","protected":false},"excerpt":{"rendered":"<p>El gobernador chaque\u00f1o comparti\u00f3 una tarde de trabajo con el ministro de Econom\u00eda de la Naci\u00f3n y candidato a presidente de \u201cUni\u00f3n por la Patria\u201d. El encuentro tuvo lugar en la sede del ministerio nacional y tuvo como objetivo ratificar el apoyo a la campa\u00f1a nacional de cara a las elecciones nacionales del 22 de [&hellip;]<\/p>\n","protected":false},"author":1,"featured_media":27427,"comment_status":"closed","ping_status":"closed","sticky":false,"template":"","format":"standard","meta":{"footnotes":""},"categories":[6],"tags":[],"class_list":{"0":"post-27426","1":"post","2":"type-post","3":"status-publish","4":"format-standard","5":"has-post-thumbnail","7":"category-chaco"},"_links":{"self":[{"href":"https:\/\/chacosintesis.com.ar\/index.php\/wp-json\/wp\/v2\/posts\/27426","targetHints":{"allow":["GET"]}}],"collection":[{"href":"https:\/\/chacosintesis.com.ar\/index.php\/wp-json\/wp\/v2\/posts"}],"about":[{"href":"https:\/\/chacosintesis.com.ar\/index.php\/wp-json\/wp\/v2\/types\/post"}],"author":[{"embeddable":true,"href":"https:\/\/chacosintesis.com.ar\/index.php\/wp-json\/wp\/v2\/users\/1"}],"replies":[{"embeddable":true,"href":"https:\/\/chacosintesis.com.ar\/index.php\/wp-json\/wp\/v2\/comments?post=27426"}],"version-history":[{"count":0,"href":"https:\/\/chacosintesis.com.ar\/index.php\/wp-json\/wp\/v2\/posts\/27426\/revisions"}],"wp:featuredmedia":[{"embeddable":true,"href":"https:\/\/chacosintesis.com.ar\/index.php\/wp-json\/wp\/v2\/media\/27427"}],"wp:attachment":[{"href":"https:\/\/chacosintesis.com.ar\/index.php\/wp-json\/wp\/v2\/media?parent=27426"}],"wp:term":[{"taxonomy":"category","embeddable":true,"href":"https:\/\/chacosintesis.com.ar\/index.php\/wp-json\/wp\/v2\/categories?post=27426"},{"taxonomy":"post_tag","embeddable":true,"href":"https:\/\/chacosintesis.com.ar\/index.php\/wp-json\/wp\/v2\/tags?post=27426"}],"curies":[{"name":"wp","href":"https:\/\/api.w.org\/{rel}","templated":true}]}}