{"id":27410,"date":"2023-09-28T21:13:59","date_gmt":"2023-09-29T00:13:59","guid":{"rendered":"https:\/\/chacosintesis.com.ar\/?p=27410"},"modified":"2023-09-28T21:37:00","modified_gmt":"2023-09-29T00:37:00","slug":"chaco-participo-de-una-nueva-asamblea-federal-anual-del-incaa","status":"publish","type":"post","link":"https:\/\/chacosintesis.com.ar\/index.php\/chaco-participo-de-una-nueva-asamblea-federal-anual-del-incaa\/","title":{"rendered":"Chaco particip\u00f3 de una nueva Asamblea Federal anual del INCAA"},"content":{"rendered":"<div class=\"postie-post\">El encuentro tuvo lugar en la provincia de Salta, con referentes de todas las provincias y de la Ciudad Aut\u00f3noma de Buenos Aires.<br \/>\nLa asamblea, de la cual la provincia del Chaco tuvo una participaci\u00f3n virtual, se realiz\u00f3 en el marco de la 27 Semana de Cine Argentino en Salta y estuvo encabezada por el presidente del Instituto Nacional de Cine y Artes Audiovisuales (INCAA), Nicol\u00e1s Battle.<br \/>\nDel encuentro, se convers\u00f3 sobre las pol\u00edticas p\u00fablicas federales en materia audiovisual que el Organismo lleva adelante, con especial foco en las v\u00edas de fomento de la industria y el apoyo a las provincias para la promoci\u00f3n del cine argentino.<br \/>\nEn ese sentido, Nicol\u00e1s Battle se manifest\u00f3 complacido por la reciente sanci\u00f3n de la Ley del Audiovisual Chaque\u00f1o: \u201cQuer\u00eda aprovechar la oportunidad para felicitar a la provincia del Chaco por la promulgaci\u00f3n de la ley. Una cultura realmente propia es la \u00fanica que no puede importarse, la cultura nacional y las culturas provinciales. Creo que en esa defensa claramente tenemos que estar\u201d.<br \/>\nLa Ley del Audiovisual Chaque\u00f1o es el fruto de un extenso trabajo desarrollado desde la cartera de Cultura de la provincia con referentes, colectivos y asociaciones del rubro audiovisual y profesionales del sector, desde el Congreso desarrollado en la Uncaus en 2022 y en m\u00faltiples encuentros posteriores como punto clave para la democratizaci\u00f3n de las pol\u00edticas p\u00fablicas. Fue sancionada recientemente por unanimidad para garantizar la accesibilidad, territorialidad y diversidad cultural, ling\u00fc\u00edstica, de g\u00e9nero y sexual en producciones audiovisuales locales, como as\u00ed tambi\u00e9n promover y fomentar la creaci\u00f3n y producci\u00f3n de obras audiovisuales, su difusi\u00f3n y conservaci\u00f3n como patrimonio socio-cultural.<br \/>\nPor otra parte, el referente nacional del INCAA hizo una especial reflexi\u00f3n acerca de los ataques medi\u00e1ticos que recibiera la instituci\u00f3n en tiempos de campa\u00f1a electoral por candidatos que pretenden cerrarla: \u201cNo est\u00e1 solo en juego el INCAA, el Ministerio de Cultura debe seguir siendo un ministerio y no una subsecretar\u00eda. El a\u00f1o pasado est\u00e1bamos dando la pelea por las asignaciones espec\u00edficas para la cultura en el Congreso de la Naci\u00f3n y hoy nos ponen a defender al INCAA en t\u00e9rminos econ\u00f3micos. Me parece que el audiovisual claramente es defendible no s\u00f3lo en su aspecto simb\u00f3lico cultural, sino en su aspecto m\u00e1s economicista, por sus innumerables puestos de trabajo y la generaci\u00f3n de recursos para el pa\u00eds, desde la concepci\u00f3n hasta la comercializaci\u00f3n de sus producciones\u201d.<br \/>\nPor \u00faltimo, funcionarios del Instituto presentaron informes de trabajo y balances de lo realizado por los programas hasta la fecha.<\/div>\n","protected":false},"excerpt":{"rendered":"<p>El encuentro tuvo lugar en la provincia de Salta, con referentes de todas las provincias y de la Ciudad Aut\u00f3noma de Buenos Aires. La asamblea, de la cual la provincia del Chaco tuvo una participaci\u00f3n virtual, se realiz\u00f3 en el marco de la 27 Semana de Cine Argentino en Salta y estuvo encabezada por el [&hellip;]<\/p>\n","protected":false},"author":1,"featured_media":27411,"comment_status":"closed","ping_status":"closed","sticky":false,"template":"","format":"standard","meta":{"footnotes":""},"categories":[6],"tags":[],"class_list":{"0":"post-27410","1":"post","2":"type-post","3":"status-publish","4":"format-standard","5":"has-post-thumbnail","7":"category-chaco"},"_links":{"self":[{"href":"https:\/\/chacosintesis.com.ar\/index.php\/wp-json\/wp\/v2\/posts\/27410","targetHints":{"allow":["GET"]}}],"collection":[{"href":"https:\/\/chacosintesis.com.ar\/index.php\/wp-json\/wp\/v2\/posts"}],"about":[{"href":"https:\/\/chacosintesis.com.ar\/index.php\/wp-json\/wp\/v2\/types\/post"}],"author":[{"embeddable":true,"href":"https:\/\/chacosintesis.com.ar\/index.php\/wp-json\/wp\/v2\/users\/1"}],"replies":[{"embeddable":true,"href":"https:\/\/chacosintesis.com.ar\/index.php\/wp-json\/wp\/v2\/comments?post=27410"}],"version-history":[{"count":0,"href":"https:\/\/chacosintesis.com.ar\/index.php\/wp-json\/wp\/v2\/posts\/27410\/revisions"}],"wp:featuredmedia":[{"embeddable":true,"href":"https:\/\/chacosintesis.com.ar\/index.php\/wp-json\/wp\/v2\/media\/27411"}],"wp:attachment":[{"href":"https:\/\/chacosintesis.com.ar\/index.php\/wp-json\/wp\/v2\/media?parent=27410"}],"wp:term":[{"taxonomy":"category","embeddable":true,"href":"https:\/\/chacosintesis.com.ar\/index.php\/wp-json\/wp\/v2\/categories?post=27410"},{"taxonomy":"post_tag","embeddable":true,"href":"https:\/\/chacosintesis.com.ar\/index.php\/wp-json\/wp\/v2\/tags?post=27410"}],"curies":[{"name":"wp","href":"https:\/\/api.w.org\/{rel}","templated":true}]}}