{"id":27400,"date":"2023-09-28T21:03:21","date_gmt":"2023-09-29T00:03:21","guid":{"rendered":"https:\/\/chacosintesis.com.ar\/?p=27400"},"modified":"2023-09-28T21:07:09","modified_gmt":"2023-09-29T00:07:09","slug":"culmino-la-primera-etapa-de-identificacion-clasificacion-y-conservacion-de-documentos-historicos","status":"publish","type":"post","link":"https:\/\/chacosintesis.com.ar\/index.php\/culmino-la-primera-etapa-de-identificacion-clasificacion-y-conservacion-de-documentos-historicos\/","title":{"rendered":"Culmin\u00f3 la primera etapa de identificaci\u00f3n, clasificaci\u00f3n y conservaci\u00f3n de documentos hist\u00f3ricos"},"content":{"rendered":"<div class=\"postie-post\">El 20 y 21 de septiembre se realizaron jornadas de limpieza, identificaci\u00f3n, conservaci\u00f3n preventiva, clasificaci\u00f3n, almacenamiento y traslado de los documentos de la ex Reducci\u00f3n de Napalp\u00ed (Colonia Aborigen) que datan desde 1923.<br \/>\nEl Instituto de Cultura del Chaco comunica que el 20 y 21 de septiembre se realizaron jornadas de limpieza, identificaci\u00f3n, conservaci\u00f3n preventiva, clasificaci\u00f3n, almacenamiento y traslado de los documentos de la ex Reducci\u00f3n de Napalp\u00ed (Colonia Aborigen) que datan desde 1923. En la siguiente etapa se avanzar\u00e1 con el fichado de los mismos entre otras acciones con el objetivo de crear un nuevo archivo en la provincia.<br \/>\nLa labor estuvo a cargo de un equipo de trabajadores y directivos del Archivo Hist\u00f3rico \u201cMonse\u00f1or Jos\u00e9 Alumni\u201d, dependiente del ICCH; Ernesto Flores, coordinador del Departamento de Patrimonio Cultural Material; de la Direcci\u00f3n de Patrimonio Cultural del ICCH, su responsable Gabriela Barrios y Nicol\u00e1s \u00c1lvarez. Impulsaron el trabajo y participaron integrantes de la Mesa de Gesti\u00f3n Territorial por la sentencia de Napalp\u00ed, en acuerdo con el IDACh, Delegaci\u00f3n Colonia Aborigen. Adem\u00e1s, estuvieron representantes de la Fundaci\u00f3n Despegar y del equipo de Renacer Napalp\u00ed.<br \/>\nBarrios precis\u00f3 sobre el trabajo realizado: \u201cLo que hicimos fue trasladar desde el antiguo edificio que antes fue la sede de la reducci\u00f3n de Napalp\u00ed, que despu\u00e9s fue sede de la Direcci\u00f3n del Aborigen Chaque\u00f1o y luego del Instituto del Aborigen Chaque\u00f1o (IDACH)\u201d. El edificio albergaba documentos de toda esa \u00e9poca. Barrios cont\u00f3 que \u201cel edificio hist\u00f3rico qued\u00f3 vac\u00edo y est\u00e1 en condiciones que requieren una obra para su puesta en valor\u201d, ya que el IDACH se traslad\u00f3 a otra infraestructura.<br \/>\nEl edificio donde se trabaj\u00f3 con la documentaci\u00f3n referida a la reducci\u00f3n de Napalp\u00ed \u201cest\u00e1 declarado patrimonio provincial y por lo cual lo que ten\u00edamos que hacer era liberar ese edificio de toda documentaci\u00f3n que pueda ser \u00fatil\u201d, agreg\u00f3 la directora de Patrimonio Cultural. En cuanto al traslado de documentaci\u00f3n cont\u00f3 que esperan que \u201cedificio se restaure o se ponga en valor y albergue el museo ind\u00edgena. Y en el marco de ese museo: el archivo sobre Napalp\u00ed\u201d, dijo.<br \/>\nBarrios relat\u00f3 el encuentro con la documentaci\u00f3n: \u201cEl material no estaba en un archivo organizado, mucha documentaci\u00f3n de distinta \u00edndole y mezclada, por lo cual nuestra motivaci\u00f3n era trasladar todo ese material, por un lado, dejar vac\u00edo el edificio y por otro valorar, saber qu\u00e9 hay en esa documentaci\u00f3n que pueda quedar y constituir entonces el archivo de un nuevo museo\u201d.<br \/>\nDocumentaci\u00f3n<br \/>\n\u201cNos parec\u00eda antes de iniciar el trabajo que, de alguna manera, pod\u00eda haber documentos que den cuenta de todas las etapas de la pol\u00edtica en este territorio vinculadas a lo ind\u00edgena\u201d, coment\u00f3 Barrios respecto de la primera etapa concluida, y adelant\u00f3 que \u201cqueda mucha documentaci\u00f3n para seguir revisando\u201d.<br \/>\nEn cuanto al proceso de trabajo en Colonia Aborigen, Barrios cont\u00f3 que \u201cesa indagaci\u00f3n primera al limpiar hoja por hoja y encontrar nombres de las familias, de los per\u00edodos, encontrar los nombres de los bisabuelos en estos registros, bueno, realmente fue muy emotivo\u201d, dijo y destac\u00f3 que \u201cencontrar en los documentos la certificaci\u00f3n de algunos relatos, de esas narraciones que se transmitieron desde la oralidad sobre c\u00f3mo era la vida en la reducci\u00f3n es un primer paso para dejar documentaci\u00f3n al acceso de muchos otros que quieran investigar y que puedan hacerlo\u201d. Luego de las tareas de limpieza inicial, identificaci\u00f3n y clasificaci\u00f3n, los documentos fueron trasladados a una de las salas del nuevo edificio, hasta resolver la creaci\u00f3n del espacio.<br \/>\nLa comunidad<br \/>\n\u201cA ra\u00edz de la sentencia de Napalp\u00ed, nos parece que toda aquella documentaci\u00f3n que pueda dar cuenta de lo que fue el sistema de reducciones, y en particular de la reducci\u00f3n de Napalp\u00ed, antes y despu\u00e9s de la masacre de Napalp\u00ed, es relevante, y es relevante tambi\u00e9n en t\u00e9rminos comunitarios\u201d, mencion\u00f3 Barrios. Sobre el recibimiento y v\u00ednculo con los y las personas que viven all\u00ed, cont\u00f3: \u201cParte de la comunidad y las organizaciones con las que estamos trabajando acompa\u00f1aron el trabajo, y estuvieron la mayor\u00eda del tiempo de ambas jornadas\u201d.<\/div>\n","protected":false},"excerpt":{"rendered":"<p>El 20 y 21 de septiembre se realizaron jornadas de limpieza, identificaci\u00f3n, conservaci\u00f3n preventiva, clasificaci\u00f3n, almacenamiento y traslado de los documentos de la ex Reducci\u00f3n de Napalp\u00ed (Colonia Aborigen) que datan desde 1923. El Instituto de Cultura del Chaco comunica que el 20 y 21 de septiembre se realizaron jornadas de limpieza, identificaci\u00f3n, conservaci\u00f3n preventiva, [&hellip;]<\/p>\n","protected":false},"author":1,"featured_media":27401,"comment_status":"closed","ping_status":"closed","sticky":false,"template":"","format":"standard","meta":{"footnotes":""},"categories":[6],"tags":[],"class_list":{"0":"post-27400","1":"post","2":"type-post","3":"status-publish","4":"format-standard","5":"has-post-thumbnail","7":"category-chaco"},"_links":{"self":[{"href":"https:\/\/chacosintesis.com.ar\/index.php\/wp-json\/wp\/v2\/posts\/27400","targetHints":{"allow":["GET"]}}],"collection":[{"href":"https:\/\/chacosintesis.com.ar\/index.php\/wp-json\/wp\/v2\/posts"}],"about":[{"href":"https:\/\/chacosintesis.com.ar\/index.php\/wp-json\/wp\/v2\/types\/post"}],"author":[{"embeddable":true,"href":"https:\/\/chacosintesis.com.ar\/index.php\/wp-json\/wp\/v2\/users\/1"}],"replies":[{"embeddable":true,"href":"https:\/\/chacosintesis.com.ar\/index.php\/wp-json\/wp\/v2\/comments?post=27400"}],"version-history":[{"count":0,"href":"https:\/\/chacosintesis.com.ar\/index.php\/wp-json\/wp\/v2\/posts\/27400\/revisions"}],"wp:featuredmedia":[{"embeddable":true,"href":"https:\/\/chacosintesis.com.ar\/index.php\/wp-json\/wp\/v2\/media\/27401"}],"wp:attachment":[{"href":"https:\/\/chacosintesis.com.ar\/index.php\/wp-json\/wp\/v2\/media?parent=27400"}],"wp:term":[{"taxonomy":"category","embeddable":true,"href":"https:\/\/chacosintesis.com.ar\/index.php\/wp-json\/wp\/v2\/categories?post=27400"},{"taxonomy":"post_tag","embeddable":true,"href":"https:\/\/chacosintesis.com.ar\/index.php\/wp-json\/wp\/v2\/tags?post=27400"}],"curies":[{"name":"wp","href":"https:\/\/api.w.org\/{rel}","templated":true}]}}