{"id":27394,"date":"2023-09-28T20:59:56","date_gmt":"2023-09-28T23:59:56","guid":{"rendered":"https:\/\/chacosintesis.com.ar\/?p=27394"},"modified":"2023-09-28T21:06:56","modified_gmt":"2023-09-29T00:06:56","slug":"la-legislatura-otorgo-un-reconocimiento-al-presidente-del-consorcio-caminero-56","status":"publish","type":"post","link":"https:\/\/chacosintesis.com.ar\/index.php\/la-legislatura-otorgo-un-reconocimiento-al-presidente-del-consorcio-caminero-56\/","title":{"rendered":"La Legislatura otorg\u00f3 un reconocimiento al presidente del Consorcio Caminero 56"},"content":{"rendered":"<div class=\"postie-post\">Juan Carlos Montellato, de 74 a\u00f1os, fue homenajeado por su trayectoria y apoyo a los peque\u00f1os y medianos productores del Chaco. La Legislatura chaque\u00f1a entreg\u00f3 un reconocimiento al presidente del Consorcio Caminero 56, Juan Carlos Montellato, por su trayectoria y apoyo a los peque\u00f1os y medianos productores de las zonas rurales del Chaco.<br \/>\nMontellano es ingeniero agr\u00f3nomo, tiene 74 a\u00f1os y se desempe\u00f1\u00f3 en el cargo de Subsecretario de Agricultura. Tambi\u00e9n preside el Consorcio Caminero 56, cargo que deja este viernes 29 de septiembre.<br \/>\nEl diputado provincial, Nicol\u00e1s Slimel, fue quien entreg\u00f3 el reconocimiento a Montellato, que tambi\u00e9n se desempe\u00f1\u00f3 en medios de comunicaci\u00f3n como LT. 43 Radio Mocovi., brindando asesoramiento a los productores, en las radios locales F. M. As\u00ed comenz\u00f3 difundiendo los principios de la ley que reglamenta los Consorcios Camineros, el funcionamiento y su finalidad.<br \/>\nEst\u00e1 en el cargo de la presidencia del Consorcio Caminero 56 de General Pinedo, desde 1.995 hasta el 29 de septiembre de 2023, un per\u00edodo de 28 a\u00f1os en forma consecutiva que, por una cuesti\u00f3n personal y para atender su salud, el 29 de septiembre deja el mandato.<br \/>\nDesde el 16\/05\/1991, fecha de constituci\u00f3n de este Consorcio Caminero 56, conforme a los lineamientos de la Ley 3565 sancionada por la C\u00e1mara de Diputados del Chaco el 23\/05\/1990, abraz\u00f3 con decisi\u00f3n y convencimiento, que esta norma iba a producir un gran cambio en el proceso de construcci\u00f3n, reconstrucci\u00f3n y conservaci\u00f3n de caminos de la Red Terciaria de la provincia del Chaco. Uno de los aspectos m\u00e1s importantes de la nueva ley era que los Consorcios Camineros son entidades de bien p\u00fablico, de servicios a la comunidad, sin fines de lucro, con car\u00e1cter solidario como prioridad y con un encuadre legal de persona jur\u00eddica de derecho p\u00fablico no estatal. Esto significaba que por primera vez se aseguraba el funcionamiento del sistema con fondos p\u00fablicos provenientes de un porcentaje (10%) del impuesto a los ingresos brutos, que posteriormente fue disminuido al 7%. Lo novedoso era que la gesti\u00f3n, tanto de ejecuci\u00f3n de los trabajos como de administraci\u00f3n de los recursos p\u00fablicos est\u00e1 a cargo de los propios beneficiarios y protagonistas del sistema, que son los productores agropecuarios.<br \/>\nLos primeros a\u00f1os de organizaci\u00f3n, y de su presidencia, ten\u00eda solo un tractor Fiat 780, casi desmantelado y una niveladora \u201cChampion\u201d obsoleta. El presidente entre 1991 y 1995 fue el Sr. Roberto P. Parra, yo, el secretario y Naldo C. Diomedi el tesorero. Es decir, no se contaba con el reconocimiento de parte de la Direcci\u00f3n de Vialidad Provincial.<br \/>\nEn 1994\/95  se pudo acceder a una rastra exc\u00e9ntrica Agroline, pala hidr\u00e1ulica Monterrey y una desmalezadora Tooling. Tambi\u00e9n se adquiri\u00f3 el inmueble donde  est\u00e1 actualmente la sede social.<\/div>\n","protected":false},"excerpt":{"rendered":"<p>Juan Carlos Montellato, de 74 a\u00f1os, fue homenajeado por su trayectoria y apoyo a los peque\u00f1os y medianos productores del Chaco. La Legislatura chaque\u00f1a entreg\u00f3 un reconocimiento al presidente del Consorcio Caminero 56, Juan Carlos Montellato, por su trayectoria y apoyo a los peque\u00f1os y medianos productores de las zonas rurales del Chaco. Montellano es [&hellip;]<\/p>\n","protected":false},"author":1,"featured_media":27395,"comment_status":"closed","ping_status":"closed","sticky":false,"template":"","format":"standard","meta":{"footnotes":""},"categories":[6],"tags":[],"class_list":{"0":"post-27394","1":"post","2":"type-post","3":"status-publish","4":"format-standard","5":"has-post-thumbnail","7":"category-chaco"},"_links":{"self":[{"href":"https:\/\/chacosintesis.com.ar\/index.php\/wp-json\/wp\/v2\/posts\/27394","targetHints":{"allow":["GET"]}}],"collection":[{"href":"https:\/\/chacosintesis.com.ar\/index.php\/wp-json\/wp\/v2\/posts"}],"about":[{"href":"https:\/\/chacosintesis.com.ar\/index.php\/wp-json\/wp\/v2\/types\/post"}],"author":[{"embeddable":true,"href":"https:\/\/chacosintesis.com.ar\/index.php\/wp-json\/wp\/v2\/users\/1"}],"replies":[{"embeddable":true,"href":"https:\/\/chacosintesis.com.ar\/index.php\/wp-json\/wp\/v2\/comments?post=27394"}],"version-history":[{"count":0,"href":"https:\/\/chacosintesis.com.ar\/index.php\/wp-json\/wp\/v2\/posts\/27394\/revisions"}],"wp:featuredmedia":[{"embeddable":true,"href":"https:\/\/chacosintesis.com.ar\/index.php\/wp-json\/wp\/v2\/media\/27395"}],"wp:attachment":[{"href":"https:\/\/chacosintesis.com.ar\/index.php\/wp-json\/wp\/v2\/media?parent=27394"}],"wp:term":[{"taxonomy":"category","embeddable":true,"href":"https:\/\/chacosintesis.com.ar\/index.php\/wp-json\/wp\/v2\/categories?post=27394"},{"taxonomy":"post_tag","embeddable":true,"href":"https:\/\/chacosintesis.com.ar\/index.php\/wp-json\/wp\/v2\/tags?post=27394"}],"curies":[{"name":"wp","href":"https:\/\/api.w.org\/{rel}","templated":true}]}}