{"id":27392,"date":"2023-09-28T20:57:41","date_gmt":"2023-09-28T23:57:41","guid":{"rendered":"https:\/\/chacosintesis.com.ar\/?p=27392"},"modified":"2023-09-28T21:06:50","modified_gmt":"2023-09-29T00:06:50","slug":"la-tigra-celebro-sus-98-anos","status":"publish","type":"post","link":"https:\/\/chacosintesis.com.ar\/index.php\/la-tigra-celebro-sus-98-anos\/","title":{"rendered":"La Tigra celebr\u00f3 sus 98 a\u00f1os"},"content":{"rendered":"<div class=\"postie-post\">\u201cSiempre tenemos que estar unidos con el pueblo y con todos los organismos que tenemos para poder seguir adelante\u201d, expres\u00f3 la intendenta Alba S\u00e1nchez.<br \/>\nAlba S\u00e1nchez, intendenta de La Tigra, habl\u00f3 con Chaco TV sobre los festejos por el 98\u00b0 aniversario de la localidad. \u201cEs emocionante. Estamos por llegar a un siglo. Estamos festejando y brindando por nuestro querido pueblo. Cuando llegue a la intendencia La Tigra era todo camino de tierra, pero hoy tenemos un pueblo completamente ordenado, pujante, lindo, crecido, de 9 mil personas\u201d, manifest\u00f3.<br \/>\nAsimismo, la intendenta no ocult\u00f3 su felicidad por este aniversario, pero tambi\u00e9n dijo que seguir\u00e1 trabajando para que el pueblo siga creciendo. \u201cNos pone contentos, pero vamos a seguir trabajando. Ac\u00e1 hay que agarrarse las manos entre todos, no hay que bajar los brazos de ninguna forma, m\u00e1s en el cargo y la responsabilidad que tambi\u00e9n tiene uno. As\u00ed que voy a seguir trabajando por este pueblo y quiero pedirles a todos que nos acompa\u00f1an para seguir creciendo\u201d, expres\u00f3, al mismo tiempo que cerr\u00f3: \u201cSiempre tenemos que estar unidos con el pueblo y con todos los organismos que tenemos para poder seguir adelante\u201d.<\/div>\n","protected":false},"excerpt":{"rendered":"<p>\u201cSiempre tenemos que estar unidos con el pueblo y con todos los organismos que tenemos para poder seguir adelante\u201d, expres\u00f3 la intendenta Alba S\u00e1nchez. Alba S\u00e1nchez, intendenta de La Tigra, habl\u00f3 con Chaco TV sobre los festejos por el 98\u00b0 aniversario de la localidad. \u201cEs emocionante. Estamos por llegar a un siglo. Estamos festejando y [&hellip;]<\/p>\n","protected":false},"author":1,"featured_media":27393,"comment_status":"closed","ping_status":"closed","sticky":false,"template":"","format":"standard","meta":{"footnotes":""},"categories":[6],"tags":[],"class_list":{"0":"post-27392","1":"post","2":"type-post","3":"status-publish","4":"format-standard","5":"has-post-thumbnail","7":"category-chaco"},"_links":{"self":[{"href":"https:\/\/chacosintesis.com.ar\/index.php\/wp-json\/wp\/v2\/posts\/27392","targetHints":{"allow":["GET"]}}],"collection":[{"href":"https:\/\/chacosintesis.com.ar\/index.php\/wp-json\/wp\/v2\/posts"}],"about":[{"href":"https:\/\/chacosintesis.com.ar\/index.php\/wp-json\/wp\/v2\/types\/post"}],"author":[{"embeddable":true,"href":"https:\/\/chacosintesis.com.ar\/index.php\/wp-json\/wp\/v2\/users\/1"}],"replies":[{"embeddable":true,"href":"https:\/\/chacosintesis.com.ar\/index.php\/wp-json\/wp\/v2\/comments?post=27392"}],"version-history":[{"count":0,"href":"https:\/\/chacosintesis.com.ar\/index.php\/wp-json\/wp\/v2\/posts\/27392\/revisions"}],"wp:featuredmedia":[{"embeddable":true,"href":"https:\/\/chacosintesis.com.ar\/index.php\/wp-json\/wp\/v2\/media\/27393"}],"wp:attachment":[{"href":"https:\/\/chacosintesis.com.ar\/index.php\/wp-json\/wp\/v2\/media?parent=27392"}],"wp:term":[{"taxonomy":"category","embeddable":true,"href":"https:\/\/chacosintesis.com.ar\/index.php\/wp-json\/wp\/v2\/categories?post=27392"},{"taxonomy":"post_tag","embeddable":true,"href":"https:\/\/chacosintesis.com.ar\/index.php\/wp-json\/wp\/v2\/tags?post=27392"}],"curies":[{"name":"wp","href":"https:\/\/api.w.org\/{rel}","templated":true}]}}