{"id":27385,"date":"2023-09-27T16:42:21","date_gmt":"2023-09-27T19:42:21","guid":{"rendered":"https:\/\/chacosintesis.com.ar\/?p=27385"},"modified":"2023-09-27T17:06:42","modified_gmt":"2023-09-27T20:06:42","slug":"schneider-vamos-a-gobernar-para-los-chaquenos-independientemente-de-quien-sea-intendente","status":"publish","type":"post","link":"https:\/\/chacosintesis.com.ar\/index.php\/schneider-vamos-a-gobernar-para-los-chaquenos-independientemente-de-quien-sea-intendente\/","title":{"rendered":"Schneider: \u201cVamos a gobernar para los chaque\u00f1os, independientemente de qui\u00e9n sea intendente\u201d"},"content":{"rendered":"<div class=\"postie-post\">En contexto de transici\u00f3n de gestiones, la electa vicegobernadora se refiri\u00f3 al comunicado de Intendentes del PJ y adelant\u00f3 c\u00f3mo contin\u00faa el traspaso de mando.<br \/>\nEn comunicaci\u00f3n con Radio Provincia del Chaco, Silvana Schneider, vicegobernadora electa de la provincia dio detalles de la reuni\u00f3n concretada este \u00faltimo martes en la Casa de Gobierno junto a la vicegobernadora saliente, Anal\u00eda Rach Quiroga, y un grupo de funcionarios en actividad para seguir trabajando en la transici\u00f3n de gesti\u00f3n.<br \/>\nSobre la reuni\u00f3n, Schneider indic\u00f3 que \u201cpuedo caracterizarla de amena\u201d, y explic\u00f3 que \u201chemos pedido, por escrito, informaci\u00f3n que necesitamos para la posterior toma de decisiones en este proceso de transici\u00f3n y para todo lo que se viene\u201d. \u201cNosotros ahora pedimos informaci\u00f3n de car\u00e1cter general, inclusive de organismos aut\u00e1rquicos como Secheep, Sameep, Insssep, Banco del Chaco, necesitamos primero tener respuestas a esta informaci\u00f3n, para luego ir con mayor especificidad a cada una de las \u00e1reas y avanzar en la cronolog\u00eda de las reuniones siguientes\u201d, detall\u00f3, y remarc\u00f3 que \u201cla idea es primero acceder a la informaci\u00f3n, luego ir con mayor especificidad para contar con mayor informaci\u00f3n y el 10 de diciembre trabajar a pleno en cada organismo\u201d.<br \/>\nConsultada sobre lo explicitado por el Foro de Intendentes del Partido Justicialista, quienes pidieron al nuevo Gobierno \u201crespeto\u201d en obras y dem\u00e1s gestiones para localidades conducidas por partidos opositores, la futura vicegobernadora remarc\u00f3 que \u201cno vamos a gobernar para un partido pol\u00edtico, vamos a gobernar para los chaque\u00f1os, independientemente de qui\u00e9n sea el intendente\u201d. \u201cLes transmitimos plena tranquilidad, vamos a trabajar codo a codo con los chaque\u00f1os\u201d, subray\u00f3.<br \/>\nEn ese sentido, profundiz\u00f3 que uno de los puntos presentados en la reuni\u00f3n de ayer tiene que ver con obras que habr\u00edan sido frenadas: \u201cNosotros necesitamos el porqu\u00e9 de la paralizaci\u00f3n\u201d, plante\u00f3, y explic\u00f3 \u201ca lo largo y ancho de la provincia lo estamos notando, inclusive se han levantado trabajos, obras que no faltaban mucho, y necesitamos los motivos\u201d. No obstante, comprometi\u00f3 que \u201cnuestro nuevo gobernador (Leandro Zdero) sostiene que las obras que est\u00e1n en ejecuci\u00f3n tienen que terminarse, el dinero es de los chaque\u00f1os, no podemos jugar con la ilusi\u00f3n del pueblo, hay que terminar las obras prometidas\u201d.<br \/>\nFinalmente, Schneider se refiri\u00f3 al Presupuesto para el a\u00f1o 2024, el cual puso como \u201cel primer punto\u201d planteado en la reuni\u00f3n de ayer. \u201cNecesitamos contar con esta informaci\u00f3n, sabiendo que el plazo constitucional vence el 30 de septiembre para presentarse en la C\u00e1mara. Nos gustar\u00eda, y trabajando en paralelo, saber qu\u00e9 se ten\u00eda proyectado y qu\u00e9 es lo que vamos a modificar\u201d, se\u00f1al\u00f3.<\/div>\n","protected":false},"excerpt":{"rendered":"<p>En contexto de transici\u00f3n de gestiones, la electa vicegobernadora se refiri\u00f3 al comunicado de Intendentes del PJ y adelant\u00f3 c\u00f3mo contin\u00faa el traspaso de mando. En comunicaci\u00f3n con Radio Provincia del Chaco, Silvana Schneider, vicegobernadora electa de la provincia dio detalles de la reuni\u00f3n concretada este \u00faltimo martes en la Casa de Gobierno junto a [&hellip;]<\/p>\n","protected":false},"author":1,"featured_media":27386,"comment_status":"closed","ping_status":"closed","sticky":false,"template":"","format":"standard","meta":{"footnotes":""},"categories":[6],"tags":[],"class_list":{"0":"post-27385","1":"post","2":"type-post","3":"status-publish","4":"format-standard","5":"has-post-thumbnail","7":"category-chaco"},"_links":{"self":[{"href":"https:\/\/chacosintesis.com.ar\/index.php\/wp-json\/wp\/v2\/posts\/27385","targetHints":{"allow":["GET"]}}],"collection":[{"href":"https:\/\/chacosintesis.com.ar\/index.php\/wp-json\/wp\/v2\/posts"}],"about":[{"href":"https:\/\/chacosintesis.com.ar\/index.php\/wp-json\/wp\/v2\/types\/post"}],"author":[{"embeddable":true,"href":"https:\/\/chacosintesis.com.ar\/index.php\/wp-json\/wp\/v2\/users\/1"}],"replies":[{"embeddable":true,"href":"https:\/\/chacosintesis.com.ar\/index.php\/wp-json\/wp\/v2\/comments?post=27385"}],"version-history":[{"count":0,"href":"https:\/\/chacosintesis.com.ar\/index.php\/wp-json\/wp\/v2\/posts\/27385\/revisions"}],"wp:featuredmedia":[{"embeddable":true,"href":"https:\/\/chacosintesis.com.ar\/index.php\/wp-json\/wp\/v2\/media\/27386"}],"wp:attachment":[{"href":"https:\/\/chacosintesis.com.ar\/index.php\/wp-json\/wp\/v2\/media?parent=27385"}],"wp:term":[{"taxonomy":"category","embeddable":true,"href":"https:\/\/chacosintesis.com.ar\/index.php\/wp-json\/wp\/v2\/categories?post=27385"},{"taxonomy":"post_tag","embeddable":true,"href":"https:\/\/chacosintesis.com.ar\/index.php\/wp-json\/wp\/v2\/tags?post=27385"}],"curies":[{"name":"wp","href":"https:\/\/api.w.org\/{rel}","templated":true}]}}