{"id":27379,"date":"2023-09-27T16:31:03","date_gmt":"2023-09-27T19:31:03","guid":{"rendered":"https:\/\/chacosintesis.com.ar\/?p=27379"},"modified":"2023-09-27T16:38:53","modified_gmt":"2023-09-27T19:38:53","slug":"jornadas-de-intercambio-sobre-gestion-ganadera-en-campos-con-bosques-nativos-en-colonia-duran","status":"publish","type":"post","link":"https:\/\/chacosintesis.com.ar\/index.php\/jornadas-de-intercambio-sobre-gestion-ganadera-en-campos-con-bosques-nativos-en-colonia-duran\/","title":{"rendered":"Jornadas de intercambio sobre gesti\u00f3n ganadera en campos con bosques nativos en Colonia Dur\u00e1n"},"content":{"rendered":"<div class=\"postie-post\">Durante dos d\u00edas se conocieron experiencias, t\u00e9cnicas y estrategias para la gesti\u00f3n ganader\u00eda en campos con bosques nativos. Estos encuentros, impulsados por INCUPO en el marco de su proyecto Alianza, promueven el conocimiento compartido y la colaboraci\u00f3n para un futuro rural m\u00e1s sostenible.<br \/>\nSe desarroll\u00f3 en Colonia Dur\u00e1n, al norte de la provincia de Santa Fe, la tercera de las Jornadas de Intercambio de pr\u00e1cticas, saberes y pol\u00edticas sobre manejos de bosques nativos y ganader\u00eda. Fue durante los d\u00edas 22 y 23 de septiembre y el encuentro cont\u00f3 con presentaciones de productores, organizaciones  e instituciones y visitas a campos, en los que se pudo conocer estrategias y proyectos productivos que se desarrollan en pr\u00e1ctica en la actualidad.<br \/>\nEl objetivo de estos encuentros impulsados por el Instituto de Cultura Popular (INCUPO) y realizados en el marco del proyecto Alianza Austria &#8211; Argentina para una agricultura familiar sostenible, en el IX Mes de la agroecolog\u00eda, es compartir conocimientos y experiencias de producci\u00f3n ganadera, con actores de las provincias de Chaco, Santa Fe, Formosa y Corrientes. Se concretan as\u00ed una serie de encuentros en diferentes granjas, donde se realizan talleres pr\u00e1cticos y te\u00f3ricos, con demostraci\u00f3n de las t\u00e9cnicas.<br \/>\nDurante la primera jornada, se realiz\u00f3 la presentaci\u00f3n de \u201cCreciendo Juntos\u201d organizaci\u00f3n de familias de peque\u00f1os productores que combinan la Ganader\u00eda con el Uso del Bosques, con apoyo del fondo de la Ley Nacional de Bosques Nativos en una modalidad de proyectos agrupados.<br \/>\nTambi\u00e9n se conoci\u00f3 la experiencia de la productora Florencia Sager y su familia, quienes llevan adelante el manejo de ganader\u00eda bovina de cr\u00eda y recr\u00eda con rotaci\u00f3n de campos, que alcanza un nivel de 90% de parici\u00f3n.<\/p>\n<p>Observaci\u00f3n de pr\u00e1cticas<\/p>\n<p>Al d\u00eda siguiente, se recorrieron granjas para observar distintas modalidades de implementaci\u00f3n de ganader\u00eda con bosque. En primer lugar se visit\u00f3 el predio de Laura Silvestri, docente que sostiene en 20 hect\u00e1reas una producci\u00f3n con 29 vacas, donde est\u00e1 realizando mejoras e inversiones con los fondos recibidos.<br \/>\nEn el establecimiento \u201cLas Bandurrias\u201d, de Florencia Sager y su familia, se conoci\u00f3 la experiencia de manejo ganadero bovino integrado al bosque y pastizales que llevan adelante en un campo de 170 hect\u00e1reas, donde se pudieron ver mejoramientos en cuanto a infraestructura, trabajo de gen\u00e9tica, manejo de la alimentaci\u00f3n con pastoreo rotativo, manejo sanitario, manejo reproductivo, entre otros puntos relevantes.<br \/>\nFinalmente, la recorrida por el campo de Aar\u00f3n Holzer, productor ganadero qu\u00e9 combina con su oficio de  alambrador, que en 75 hect\u00e1reas, permiti\u00f3 ver un manejo del bosque de manera artesanal.<br \/>\nINCUPO tambi\u00e9n entreg\u00f3 ejemplares del Informe del viaje de intercambio con agricultores familiares europeos, que realizaron integrantes de Creciendo Juntos. Este material fue producido en el marco de la Alianza Austria-Argentina impulsado por Incupo en articulaci\u00f3n con Welthaus Austria.<br \/>\nAl cierre de la jornada se realiz\u00f3 una evaluaci\u00f3n de miradas, proyectos y sue\u00f1os de los actores de la vida rural a trav\u00e9s de disparadores que llevaron al debate en grupo y la puesta en com\u00fan de los participantes, siempre con el claro objetivo de lograr el fortalecimiento de la agricultura familiar.<br \/>\nAlianza Austria &#8211; Argentina<\/p>\n<p>Estos encuentros se promueven en el marco del Proyecto Alianza Austria &#8211; Argentina, una cooperaci\u00f3n innovadora coordinada por INCUPO en nuestro pa\u00eds y la organizaci\u00f3n austr\u00edaca Welthaus, con el objetivo de mejorar las condiciones de vida de la agricultura familiar y fortalecer este sector en su rol protag\u00f3nico para el cuidado del ambiente y de producci\u00f3n amigable con el clima.<br \/>\nDurante estas actividades, gu\u00edan los di\u00e1logos, ejes como ambiente y cambio clim\u00e1tico; producci\u00f3n y transformaci\u00f3n; mejora de la comercializaci\u00f3n, resaltando el  valor de los agricultores familiares en una nueva ruralidad m\u00e1s sustentable. Al finalizar, se comparten recomendaciones para la gesti\u00f3n de procesos productivos\/comercializaci\u00f3n y financiaci\u00f3n de acciones en los territorios, fortaleciendo  alianzas nacionales\/internacionales.<\/p><\/div>\n","protected":false},"excerpt":{"rendered":"<p>Durante dos d\u00edas se conocieron experiencias, t\u00e9cnicas y estrategias para la gesti\u00f3n ganader\u00eda en campos con bosques nativos. Estos encuentros, impulsados por INCUPO en el marco de su proyecto Alianza, promueven el conocimiento compartido y la colaboraci\u00f3n para un futuro rural m\u00e1s sostenible. Se desarroll\u00f3 en Colonia Dur\u00e1n, al norte de la provincia de Santa [&hellip;]<\/p>\n","protected":false},"author":1,"featured_media":27380,"comment_status":"closed","ping_status":"closed","sticky":false,"template":"","format":"standard","meta":{"footnotes":""},"categories":[6],"tags":[],"class_list":{"0":"post-27379","1":"post","2":"type-post","3":"status-publish","4":"format-standard","5":"has-post-thumbnail","7":"category-chaco"},"_links":{"self":[{"href":"https:\/\/chacosintesis.com.ar\/index.php\/wp-json\/wp\/v2\/posts\/27379","targetHints":{"allow":["GET"]}}],"collection":[{"href":"https:\/\/chacosintesis.com.ar\/index.php\/wp-json\/wp\/v2\/posts"}],"about":[{"href":"https:\/\/chacosintesis.com.ar\/index.php\/wp-json\/wp\/v2\/types\/post"}],"author":[{"embeddable":true,"href":"https:\/\/chacosintesis.com.ar\/index.php\/wp-json\/wp\/v2\/users\/1"}],"replies":[{"embeddable":true,"href":"https:\/\/chacosintesis.com.ar\/index.php\/wp-json\/wp\/v2\/comments?post=27379"}],"version-history":[{"count":0,"href":"https:\/\/chacosintesis.com.ar\/index.php\/wp-json\/wp\/v2\/posts\/27379\/revisions"}],"wp:featuredmedia":[{"embeddable":true,"href":"https:\/\/chacosintesis.com.ar\/index.php\/wp-json\/wp\/v2\/media\/27380"}],"wp:attachment":[{"href":"https:\/\/chacosintesis.com.ar\/index.php\/wp-json\/wp\/v2\/media?parent=27379"}],"wp:term":[{"taxonomy":"category","embeddable":true,"href":"https:\/\/chacosintesis.com.ar\/index.php\/wp-json\/wp\/v2\/categories?post=27379"},{"taxonomy":"post_tag","embeddable":true,"href":"https:\/\/chacosintesis.com.ar\/index.php\/wp-json\/wp\/v2\/tags?post=27379"}],"curies":[{"name":"wp","href":"https:\/\/api.w.org\/{rel}","templated":true}]}}