{"id":27369,"date":"2023-09-27T16:18:14","date_gmt":"2023-09-27T19:18:14","guid":{"rendered":"https:\/\/chacosintesis.com.ar\/?p=27369"},"modified":"2023-09-27T16:38:30","modified_gmt":"2023-09-27T19:38:30","slug":"dia-de-la-conciencia-ambiental-la-contribucion-del-estado-para-reducir-el-impacto-ecologico-negativo","status":"publish","type":"post","link":"https:\/\/chacosintesis.com.ar\/index.php\/dia-de-la-conciencia-ambiental-la-contribucion-del-estado-para-reducir-el-impacto-ecologico-negativo\/","title":{"rendered":"D\u00eda de la Conciencia Ambiental: la contribuci\u00f3n del Estado para reducir el impacto ecol\u00f3gico negativo"},"content":{"rendered":"<div class=\"postie-post\">En la provincia del Chaco, la gesti\u00f3n documental digital  ha generado un ahorro de m\u00e1s de 120 toneladas de papel, as\u00ed como a no utilizar m\u00e1s de 30.000 resmas y m\u00e1s de 25.000 cartuchos de tinta.<br \/>\nEste mi\u00e9rcoles 27 de septiembre, se celebra en Argentina el D\u00eda de la Conciencia Ambiental con el prop\u00f3sito de impulsar pr\u00e1cticas y actitudes responsables en el momento en el que las personas se relacionan con el ambiente. Por medio de la Ley Nacional N\u00b0 24.605, sancionada en 1995, esta fecha se instaur\u00f3 en conmemoraci\u00f3n a la tragedia ocurrida ese mismo d\u00eda en 1993, en el que fallecieron siete personas debido a un escape de gas cianh\u00eddrico en la ciudad de Avellaneda, en la provincia de Buenos Aires.<br \/>\nEn este d\u00eda, es posible reflexionar acerca de las m\u00faltiples pr\u00e1cticas colectivas de cuidado y preservaci\u00f3n del medio ambiente, que pone de manifiesto la relaci\u00f3n e interdependencia de las personas y el ecosistema. El Estado es uno de los actores que toma partido al respecto impulsando acciones que reducen el impacto ecol\u00f3gico que la administraci\u00f3n genera con sus tareas.<br \/>\nEn ese sentido, la Provincia del Chaco, por medio de la Ley 3.203-A, de \u201csimplificaci\u00f3n, racionalizaci\u00f3n y modernizaci\u00f3n administrativa\u201d, desarrolla acciones que permiten generar un ahorro de papel y tinta, entre otras cosas. En mencionada normativa, se incluye la administraci\u00f3n electr\u00f3nica, que propone el uso de las tecnolog\u00edas de la informaci\u00f3n y la comunicaci\u00f3n para las funciones de la administraci\u00f3n p\u00fablica. De esta manera, la relaci\u00f3n que se establece entre los distintos \u00f3rganos p\u00fablicos y los ciudadanos se sostiene por medios digitales, lo que permite eliminar el uso de papel.<br \/>\nAsimismo, la gesti\u00f3n documental digital permite disponer de plataformas inform\u00e1ticas para el almacenamiento y la reutilizaci\u00f3n de documentos de manera digital, constituy\u00e9ndose como otro factor que elimina el uso del papel. Actuando con base en estos principios, la Provincia del Chaco logr\u00f3 ahorrar m\u00e1s de 120 toneladas de papel. Sumado a eso, m\u00e1s de 30.000 resmas y m\u00e1s de 25.000 cartuchos de tinta no fueron utilizados.<br \/>\nDe acuerdo con la cantidad de resmas no utilizadas, la cantidad de hojas de papel que no fueron requeridas rebasa la cifra de 150 millones. Por otra parte, el ahorro producido en t\u00e9rminos de toneladas equivale al peso sumado de 15 elefantes adultos, de 40 hipop\u00f3tamos o de 60 rinocerontes.<br \/>\nCabe a\u00f1adir que, para producir una tonelada de papel, se requieren de dos a casi cuatro toneladas de \u00e1rboles, es decir, una media de 28 a 49 \u00e1rboles. En adici\u00f3n a eso, para fabricar 100 kilos de papel, se necesitan unos 32.400 litros de agua.<br \/>\nSumado a lo ya expuesto, la administraci\u00f3n electr\u00f3nica favorece al ahorro en otros materiales e insumos necesarios para los documentos en papel, como lo son las carpetas, los folios y la mencionada tinta, por ejemplo. Estos, al ser transportados, ponen en funcionamiento varios servicios de traslado que, a su vez, generan una huella de carbono. A trav\u00e9s de la digitalizaci\u00f3n, los modos de proceder comentados son sustituidos por otros que, adem\u00e1s de aportar celeridad y eficacia en las respuestas de la administraci\u00f3n p\u00fablica a los requerimientos de la ciudadan\u00eda, favorecen a la preservaci\u00f3n del medio ambiente.<br \/>\nCabe a\u00f1adir que, adem\u00e1s de la ley comentada, sancionada en 2020, el Gobierno de la Provincia del Chaco se encuentra trabajando en la modernizaci\u00f3n del Estado desde varios a\u00f1os. Como se relata en la primera entrega de la revista digital RAP-IPAP, distintos \u00f3rganos se sucedieron antes de que se constituyera la Subsecretar\u00eda de Modernizaci\u00f3n del Estado en 2018.<\/div>\n","protected":false},"excerpt":{"rendered":"<p>En la provincia del Chaco, la gesti\u00f3n documental digital ha generado un ahorro de m\u00e1s de 120 toneladas de papel, as\u00ed como a no utilizar m\u00e1s de 30.000 resmas y m\u00e1s de 25.000 cartuchos de tinta. Este mi\u00e9rcoles 27 de septiembre, se celebra en Argentina el D\u00eda de la Conciencia Ambiental con el prop\u00f3sito de [&hellip;]<\/p>\n","protected":false},"author":1,"featured_media":27370,"comment_status":"closed","ping_status":"closed","sticky":false,"template":"","format":"standard","meta":{"footnotes":""},"categories":[6],"tags":[],"class_list":{"0":"post-27369","1":"post","2":"type-post","3":"status-publish","4":"format-standard","5":"has-post-thumbnail","7":"category-chaco"},"_links":{"self":[{"href":"https:\/\/chacosintesis.com.ar\/index.php\/wp-json\/wp\/v2\/posts\/27369","targetHints":{"allow":["GET"]}}],"collection":[{"href":"https:\/\/chacosintesis.com.ar\/index.php\/wp-json\/wp\/v2\/posts"}],"about":[{"href":"https:\/\/chacosintesis.com.ar\/index.php\/wp-json\/wp\/v2\/types\/post"}],"author":[{"embeddable":true,"href":"https:\/\/chacosintesis.com.ar\/index.php\/wp-json\/wp\/v2\/users\/1"}],"replies":[{"embeddable":true,"href":"https:\/\/chacosintesis.com.ar\/index.php\/wp-json\/wp\/v2\/comments?post=27369"}],"version-history":[{"count":0,"href":"https:\/\/chacosintesis.com.ar\/index.php\/wp-json\/wp\/v2\/posts\/27369\/revisions"}],"wp:featuredmedia":[{"embeddable":true,"href":"https:\/\/chacosintesis.com.ar\/index.php\/wp-json\/wp\/v2\/media\/27370"}],"wp:attachment":[{"href":"https:\/\/chacosintesis.com.ar\/index.php\/wp-json\/wp\/v2\/media?parent=27369"}],"wp:term":[{"taxonomy":"category","embeddable":true,"href":"https:\/\/chacosintesis.com.ar\/index.php\/wp-json\/wp\/v2\/categories?post=27369"},{"taxonomy":"post_tag","embeddable":true,"href":"https:\/\/chacosintesis.com.ar\/index.php\/wp-json\/wp\/v2\/tags?post=27369"}],"curies":[{"name":"wp","href":"https:\/\/api.w.org\/{rel}","templated":true}]}}