{"id":27367,"date":"2023-09-27T16:15:58","date_gmt":"2023-09-27T19:15:58","guid":{"rendered":"https:\/\/chacosintesis.com.ar\/?p=27367"},"modified":"2023-09-27T16:38:24","modified_gmt":"2023-09-27T19:38:24","slug":"chapo-fue-muy-positivo-este-primer-acercamiento-entre-ambos-equipos-de-transicion","status":"publish","type":"post","link":"https:\/\/chacosintesis.com.ar\/index.php\/chapo-fue-muy-positivo-este-primer-acercamiento-entre-ambos-equipos-de-transicion\/","title":{"rendered":"Chapo: \u201cFue muy positivo este primer acercamiento entre ambos equipos de transici\u00f3n\u201d"},"content":{"rendered":"<div class=\"postie-post\">En conferencia de prensa, el portavoz dio detalles del encuentro que tuvo lugar el martes por la tarde y fue encabezado por la vicegobernadora Anal\u00eda Rach Quiroga.<br \/>\nEl vocero oficial Juan Manuel Chapo destac\u00f3 este mi\u00e9rcoles la reuni\u00f3n inicial de los equipos de transici\u00f3n de los gobiernos entrante y saliente, y asegur\u00f3 que se trat\u00f3 de un primer acercamiento \u201cmuy positivo\u201d. En conferencia de prensa, el portavoz dio detalles del encuentro que tuvo lugar el martes por la tarde y fue encabezado por la vicegobernadora Anal\u00eda Rach Quiroga y quien la suceder\u00e1 en el cargo desde el 10 de diciembre, Silvana Schneider. \u201cHemos recibido formalmente una serie de requisitorias por parte del equipo de transici\u00f3n designado por el gobernador electo, fundamentalmente vinculadas al estado de obras p\u00fablicas y acerca del presupuesto para el a\u00f1o que viene\u201d, se\u00f1al\u00f3 Chapo. El vocero remarc\u00f3 la importancia del proceso de transici\u00f3n ordenada y democr\u00e1tica que est\u00e1 en marcha entre la gesti\u00f3n saliente y la que se har\u00e1 cargo de la Provincia. Adem\u00e1s, puntualiz\u00f3 que \u201cno hay plazos ni tiempos\u201d para las respuestas requeridas y que una vez que los actuales funcionarios re\u00fanan toda la informaci\u00f3n reci\u00e9n se avanzar\u00e1 a una segunda etapa en este proceso de enlace. \u201cLos pedidos giran en torno al estado financiero y el estado de situaci\u00f3n de las obras en marcha, sus niveles de ejecuci\u00f3n si ya se encuentran consolidadas o, en todo caso, su grado de avance\u201d, precis\u00f3. El portavoz sostuvo que los planteos son \u201cl\u00f3gicos y razonables\u201d y que algunas ser\u00e1n derivadas al \u00e1rea de Contadur\u00eda General por su naturaleza de car\u00e1cter financiero. Por otra parte, los integrantes del equipo de la administraci\u00f3n entrante pidieron informaci\u00f3n en torno al presupuesto 2024, el cual ser\u00e1 elevado antes del 30 de septiembre a la C\u00e1mara de Diputados, tal lo establece la Constituci\u00f3n Provincial. \u201cUna vez que demos paso a la segunda fase de esta transici\u00f3n, cada responsable de \u00e1rea se reunir\u00e1 tambi\u00e9n con quien lo suceder\u00e1 en el cargo desde el 10 de diciembre para intercambiar informaci\u00f3n\u201d, finaliz\u00f3 Chapo.<\/div>\n","protected":false},"excerpt":{"rendered":"<p>En conferencia de prensa, el portavoz dio detalles del encuentro que tuvo lugar el martes por la tarde y fue encabezado por la vicegobernadora Anal\u00eda Rach Quiroga. El vocero oficial Juan Manuel Chapo destac\u00f3 este mi\u00e9rcoles la reuni\u00f3n inicial de los equipos de transici\u00f3n de los gobiernos entrante y saliente, y asegur\u00f3 que se trat\u00f3 [&hellip;]<\/p>\n","protected":false},"author":1,"featured_media":27368,"comment_status":"closed","ping_status":"closed","sticky":false,"template":"","format":"standard","meta":{"footnotes":""},"categories":[6],"tags":[],"class_list":{"0":"post-27367","1":"post","2":"type-post","3":"status-publish","4":"format-standard","5":"has-post-thumbnail","7":"category-chaco"},"_links":{"self":[{"href":"https:\/\/chacosintesis.com.ar\/index.php\/wp-json\/wp\/v2\/posts\/27367","targetHints":{"allow":["GET"]}}],"collection":[{"href":"https:\/\/chacosintesis.com.ar\/index.php\/wp-json\/wp\/v2\/posts"}],"about":[{"href":"https:\/\/chacosintesis.com.ar\/index.php\/wp-json\/wp\/v2\/types\/post"}],"author":[{"embeddable":true,"href":"https:\/\/chacosintesis.com.ar\/index.php\/wp-json\/wp\/v2\/users\/1"}],"replies":[{"embeddable":true,"href":"https:\/\/chacosintesis.com.ar\/index.php\/wp-json\/wp\/v2\/comments?post=27367"}],"version-history":[{"count":0,"href":"https:\/\/chacosintesis.com.ar\/index.php\/wp-json\/wp\/v2\/posts\/27367\/revisions"}],"wp:featuredmedia":[{"embeddable":true,"href":"https:\/\/chacosintesis.com.ar\/index.php\/wp-json\/wp\/v2\/media\/27368"}],"wp:attachment":[{"href":"https:\/\/chacosintesis.com.ar\/index.php\/wp-json\/wp\/v2\/media?parent=27367"}],"wp:term":[{"taxonomy":"category","embeddable":true,"href":"https:\/\/chacosintesis.com.ar\/index.php\/wp-json\/wp\/v2\/categories?post=27367"},{"taxonomy":"post_tag","embeddable":true,"href":"https:\/\/chacosintesis.com.ar\/index.php\/wp-json\/wp\/v2\/tags?post=27367"}],"curies":[{"name":"wp","href":"https:\/\/api.w.org\/{rel}","templated":true}]}}