{"id":27363,"date":"2023-09-27T16:12:11","date_gmt":"2023-09-27T19:12:11","guid":{"rendered":"https:\/\/chacosintesis.com.ar\/?p=27363"},"modified":"2023-09-27T16:38:13","modified_gmt":"2023-09-27T19:38:13","slug":"convocan-a-audiencias-publicas-para-la-actualizacion-del-ordenamiento-territorial-de-bosques-nativos","status":"publish","type":"post","link":"https:\/\/chacosintesis.com.ar\/index.php\/convocan-a-audiencias-publicas-para-la-actualizacion-del-ordenamiento-territorial-de-bosques-nativos\/","title":{"rendered":"Convocan a audiencias p\u00fablicas para la actualizaci\u00f3n del Ordenamiento Territorial de Bosques Nativos"},"content":{"rendered":"<div class=\"postie-post\">Se llevar\u00e1n a cabo el jueves 28 en Los Frentones, el viernes 29 en Charata y el s\u00e1bado 30 en Juan Jos\u00e9 Castelli.<br \/>\nLa Subsecretar\u00eda de Desarrollo Forestal del Ministerio de Producci\u00f3n, Industria y Empleo convoc\u00f3 a tres audiencias p\u00fablicas para participar, por un inter\u00e9s individual o general, con opiniones, experiencias, conocimientos e informaciones existentes sobre la actualizaci\u00f3n del Ordenamiento Territorial de Bosques Nativos (OTBN) de la Provincia del Chaco. Las audiencias tienen la finalidad de analizar las diferentes propuestas de adecuaciones y ajustes al mismo.<br \/>\nLa primera se desarrollar\u00e1 en la ciudad de Los Frentones, este jueves 28 a las 16, en la sede de la Asociaci\u00f3n Empresaria y Forestal del Oeste Chaque\u00f1o (Colectora Sur y Ruta Nacional 16, Los Frentones).<br \/>\nLa segunda, se llevar\u00e1 a cabo el viernes 29 a las 9, en la Oficina de la Direcci\u00f3n de Bosques de la localidad de Charata (Ruta 89, predio de la Escuela Agrop. Mar\u00eda Auxiliadora, Charata).<br \/>\nLa tercera, ser\u00e1 el s\u00e1bado 30 a las 9, en la sede de la Asociaci\u00f3n de Productores e Industriales Forestales de J.J. Castelli (Remedios de Escalada 529).<br \/>\nCualquier persona interesada podr\u00e1 participar de una o de todas las audiencias convocadas y hacer uso de la palabra, hacer entrega de documentos escritos con su opini\u00f3n o aportes al proceso de actualizaci\u00f3n del OTBN. Para ello, deber\u00e1n inscribirse en el formulario de inscripci\u00f3n que se encuentra en el siguiente enlace: <a href=\"http:\/\/rnaturaleschaco.gob.ar\/participacion_ciudadana\/\">rnaturaleschaco.gob.ar\/participacion_ciudadana\/<\/a> o a trav\u00e9s de WhatsApp al n\u00famero: 3624600801.<br \/>\nToda la informaci\u00f3n y documentaci\u00f3n relacionada al OTBN provincial estar\u00e1 a disposici\u00f3n y podr\u00e1 descargarse en el siguiente enlace: <a href=\"https:\/\/drive.google.com\/drive\/folders\/1LLZbbwgEfz2OJ7ac0K5pI6Rl74ZPBUCc?usp=sharing\">drive.google.com\/drive\/folders\/1LLZbbwgEfz2OJ7ac0K5pI6Rl74ZPBUCc?usp=sharing<\/a><br \/>\nPara m\u00e1s informaci\u00f3n y consultas, podr\u00e1n dirigirse al correo electr\u00f3nico <a href=\"mailto:audienciaspublicasbosques@gmail.com\" >audienciaspublicasbosques@gmail.com<\/a>; o al celular 3624600801; o bien a la sede de la Subsecretar\u00eda de Desarrollo Forestal, de 7.30 a 13, de lunes a viernes, en Casa de Gobierno (Calle Marcelo T. de Alvear 145, 7\u00b0 Piso, Oficina 02, Resistencia, Chaco).<\/div>\n","protected":false},"excerpt":{"rendered":"<p>Se llevar\u00e1n a cabo el jueves 28 en Los Frentones, el viernes 29 en Charata y el s\u00e1bado 30 en Juan Jos\u00e9 Castelli. La Subsecretar\u00eda de Desarrollo Forestal del Ministerio de Producci\u00f3n, Industria y Empleo convoc\u00f3 a tres audiencias p\u00fablicas para participar, por un inter\u00e9s individual o general, con opiniones, experiencias, conocimientos e informaciones existentes [&hellip;]<\/p>\n","protected":false},"author":1,"featured_media":27364,"comment_status":"closed","ping_status":"closed","sticky":false,"template":"","format":"standard","meta":{"footnotes":""},"categories":[6],"tags":[],"class_list":{"0":"post-27363","1":"post","2":"type-post","3":"status-publish","4":"format-standard","5":"has-post-thumbnail","7":"category-chaco"},"_links":{"self":[{"href":"https:\/\/chacosintesis.com.ar\/index.php\/wp-json\/wp\/v2\/posts\/27363","targetHints":{"allow":["GET"]}}],"collection":[{"href":"https:\/\/chacosintesis.com.ar\/index.php\/wp-json\/wp\/v2\/posts"}],"about":[{"href":"https:\/\/chacosintesis.com.ar\/index.php\/wp-json\/wp\/v2\/types\/post"}],"author":[{"embeddable":true,"href":"https:\/\/chacosintesis.com.ar\/index.php\/wp-json\/wp\/v2\/users\/1"}],"replies":[{"embeddable":true,"href":"https:\/\/chacosintesis.com.ar\/index.php\/wp-json\/wp\/v2\/comments?post=27363"}],"version-history":[{"count":0,"href":"https:\/\/chacosintesis.com.ar\/index.php\/wp-json\/wp\/v2\/posts\/27363\/revisions"}],"wp:featuredmedia":[{"embeddable":true,"href":"https:\/\/chacosintesis.com.ar\/index.php\/wp-json\/wp\/v2\/media\/27364"}],"wp:attachment":[{"href":"https:\/\/chacosintesis.com.ar\/index.php\/wp-json\/wp\/v2\/media?parent=27363"}],"wp:term":[{"taxonomy":"category","embeddable":true,"href":"https:\/\/chacosintesis.com.ar\/index.php\/wp-json\/wp\/v2\/categories?post=27363"},{"taxonomy":"post_tag","embeddable":true,"href":"https:\/\/chacosintesis.com.ar\/index.php\/wp-json\/wp\/v2\/tags?post=27363"}],"curies":[{"name":"wp","href":"https:\/\/api.w.org\/{rel}","templated":true}]}}