{"id":27351,"date":"2023-09-26T19:36:06","date_gmt":"2023-09-26T22:36:06","guid":{"rendered":"https:\/\/chacosintesis.com.ar\/?p=27351"},"modified":"2023-09-26T19:37:26","modified_gmt":"2023-09-26T22:37:26","slug":"el-tribunal-electoral-dejo-sin-efecto-la-convocatoria-a-elecciones-complementarias-en-la-escondida-los-fundamentos","status":"publish","type":"post","link":"https:\/\/chacosintesis.com.ar\/index.php\/el-tribunal-electoral-dejo-sin-efecto-la-convocatoria-a-elecciones-complementarias-en-la-escondida-los-fundamentos\/","title":{"rendered":"El Tribunal Electoral dej\u00f3 sin efecto la convocatoria a elecciones complementarias en La Escondida: los fundamentos"},"content":{"rendered":"<div class=\"postie-post\">Hab\u00eda sido solicitada por el intendente Francisco Winnik para este pr\u00f3ximo 8 de octubre. Ahora, el organismo provincial lo hizo saber a trav\u00e9s de la Resoluci\u00f3n 230.<br \/>\nEl Tribunal Electoral de la provincia del Chaco dej\u00f3 sin efecto la convocatoria a elecciones complementarias de la Mesa N\u00b0 1183 -circuito 40- de La Escondida efectuada por el intendente municipal para el d\u00eda 8 de octubre de 2023, para elegir candidatos\/as para las categor\u00edas municipales de Intendente y Concejales. As\u00ed lo hizo saber a trav\u00e9s de la Resoluci\u00f3n 230, con fecha 25 de septiembre del 2023, con las firmas de Emilia Mar\u00eda Valle (presidenta del Tribunal Electoral), Marcela Centuri\u00f3n Yedro (secretaria electoral letrada del Tribunal Electoral), Silvana Morando (jueza del Tribunal Electoral ) y Yamila Vanesa Baldovino (jueza del Tribunal Electoral).<br \/>\nLa convocatoria hab\u00eda sido realizada por Francisco M. Winnik, intendente del Municipio de La Escondida, en estos autos caratulados \u201cDECRETO N\u00b0 551\/2023 P.E. S\/CONVOCA A ELECCIONES GENERALES\u201d, Expte. N\u00b0 35\/2022, del registro del Tribunal Electoral.<br \/>\nEntre sus fundamentos, el Tribunal Electoral del Chaco entiende que el Art\u00edculo 114\u00b0 de la Ley 834-Q, dispone la convocatoria a complementarias afirmando que \u201csi no se efectu\u00f3 la elecci\u00f3n en alguna o algunas mesas, o se hubiese anulado, el Tribunal podr\u00e1 requerir del Poder Ejecutivo que convoque a los electores respectivos a elecciones complementarias, salvo el supuesto previsto en el art\u00edculo siguiente. Para que el Poder Ejecutivo pueda disponer tal convocatoria ser\u00e1 indispensable que un partido pol\u00edtico actuante lo solicite dentro de los tres d\u00edas de sancionada la nulidad o fracasada la elecci\u00f3n\u201d. Y agrega: \u201cEste Tribunal no ha notificado ni solicitado al municipio de La Escondida la convocatoria correspondiente a la elecci\u00f3n complementaria de la mesa N\u00b0 1183 &#8211; circuito 40 &#8211; La Escondida\u201d. \u201cPor otra parte, las agrupaciones pol\u00edticas Corriente de Expresi\u00f3n Renovada, Nuevo Espacio de Participaci\u00f3n y Juntos por el Cambio presentaron ante este organismo recurso extraordinario de inconstitucionalidad contra la Resoluci\u00f3n N\u00b0 226\/23 del 22\/09\/2023 que dispone la anulaci\u00f3n de la elecci\u00f3n de la mesa N\u00b0 1183 -circuito 40- de la Escondida y la realizaci\u00f3n de elecciones complementarias. En consecuencia, atento lo manifestado en los considerandos que anteceden, sin perjuicio de las facultades conferidas a los poderes ejecutivos de realizar las respectivas convocatorias a elecciones, corresponde dejar sin efecto la convocatoria presentada para elecciones complementarias de la localidad de La Escondida, la que ser\u00e1 o no requerida de conformidad a lo que resulte de la tramitaci\u00f3n del recurso interpuesto\u201d.<\/div>\n","protected":false},"excerpt":{"rendered":"<p>Hab\u00eda sido solicitada por el intendente Francisco Winnik para este pr\u00f3ximo 8 de octubre. Ahora, el organismo provincial lo hizo saber a trav\u00e9s de la Resoluci\u00f3n 230. El Tribunal Electoral de la provincia del Chaco dej\u00f3 sin efecto la convocatoria a elecciones complementarias de la Mesa N\u00b0 1183 -circuito 40- de La Escondida efectuada por [&hellip;]<\/p>\n","protected":false},"author":1,"featured_media":27352,"comment_status":"closed","ping_status":"closed","sticky":false,"template":"","format":"standard","meta":{"footnotes":""},"categories":[6],"tags":[],"class_list":{"0":"post-27351","1":"post","2":"type-post","3":"status-publish","4":"format-standard","5":"has-post-thumbnail","7":"category-chaco"},"_links":{"self":[{"href":"https:\/\/chacosintesis.com.ar\/index.php\/wp-json\/wp\/v2\/posts\/27351","targetHints":{"allow":["GET"]}}],"collection":[{"href":"https:\/\/chacosintesis.com.ar\/index.php\/wp-json\/wp\/v2\/posts"}],"about":[{"href":"https:\/\/chacosintesis.com.ar\/index.php\/wp-json\/wp\/v2\/types\/post"}],"author":[{"embeddable":true,"href":"https:\/\/chacosintesis.com.ar\/index.php\/wp-json\/wp\/v2\/users\/1"}],"replies":[{"embeddable":true,"href":"https:\/\/chacosintesis.com.ar\/index.php\/wp-json\/wp\/v2\/comments?post=27351"}],"version-history":[{"count":0,"href":"https:\/\/chacosintesis.com.ar\/index.php\/wp-json\/wp\/v2\/posts\/27351\/revisions"}],"wp:featuredmedia":[{"embeddable":true,"href":"https:\/\/chacosintesis.com.ar\/index.php\/wp-json\/wp\/v2\/media\/27352"}],"wp:attachment":[{"href":"https:\/\/chacosintesis.com.ar\/index.php\/wp-json\/wp\/v2\/media?parent=27351"}],"wp:term":[{"taxonomy":"category","embeddable":true,"href":"https:\/\/chacosintesis.com.ar\/index.php\/wp-json\/wp\/v2\/categories?post=27351"},{"taxonomy":"post_tag","embeddable":true,"href":"https:\/\/chacosintesis.com.ar\/index.php\/wp-json\/wp\/v2\/tags?post=27351"}],"curies":[{"name":"wp","href":"https:\/\/api.w.org\/{rel}","templated":true}]}}