{"id":27347,"date":"2023-09-26T19:33:05","date_gmt":"2023-09-26T22:33:05","guid":{"rendered":"https:\/\/chacosintesis.com.ar\/?p=27347"},"modified":"2023-09-26T19:37:17","modified_gmt":"2023-09-26T22:37:17","slug":"fomento-del-emprendedurismo-y-otros-ocho-proyectos-para-la-sesion-legislativa","status":"publish","type":"post","link":"https:\/\/chacosintesis.com.ar\/index.php\/fomento-del-emprendedurismo-y-otros-ocho-proyectos-para-la-sesion-legislativa\/","title":{"rendered":"Fomento del emprendedurismo y otros ocho proyectos para la Sesi\u00f3n Legislativa"},"content":{"rendered":"<div class=\"postie-post\">Diputadas y diputados consensuaron tratar la creaci\u00f3n de un programa de espacios activos y establecer un r\u00e9gimen especial de licencia por paternidad para el personal masculino de la administraci\u00f3n p\u00fablica provincial. El debate est\u00e1 previsto para este mi\u00e9rcoles, a partir de las 14.<br \/>\nDiputadas y diputados de los distintos espacios pol\u00edticos acordaron este martes, en la reuni\u00f3n de Labor Parlamentaria, el orden del d\u00eda de cara a la sesi\u00f3n ordinaria de este mi\u00e9rcoles, que tendr\u00e1 a la ley de fomento del emprendedurismo entre las m\u00e1s trascendentes. El encuentro est\u00e1 pautado para las 14, en el recinto Deolindo Bittel, donde el Cuerpo Parlamentaria abordar\u00e1 otros ocho proyectos.<br \/>\nA instancias de la presidenta del Poder Legislativo, Elida Cuesta, se incluy\u00f3 en el temario la creaci\u00f3n del Programa de Espacios Activos, los cuales contar\u00e1n con equipamientos deportivos, aparatos e implementos para la realizaci\u00f3n de rutinas de ejercicios aer\u00f3bico-f\u00edsico y gimnasia al aire libre, en los parques, plazas, boulevard y todo espacio verde en toda la provincia.<br \/>\nPor acuerdo surgido de la reuni\u00f3n de Labor Parlamentaria, diputadas y diputados tambi\u00e9n tratar\u00e1n una iniciativa impulsada por Andrea Charole, que pretende establecer un r\u00e9gimen especial de licencia por paternidad para el personal masculino de la administraci\u00f3n p\u00fablica provincial, entes aut\u00e1rquicos y organismos descentralizados no comprendidos en el R\u00e9gimen de Licencias y Permisos para la Administraci\u00f3n P\u00fablica Provincial. Esto ser\u00e1 as\u00ed, cualquiera sea la naturaleza de la relaci\u00f3n contractual que los vincule, extendi\u00e9ndose sus alcances a todos aquellos hombres que desempe\u00f1en cargos electivos y\/o pol\u00edticos.<br \/>\nAdem\u00e1s se tratar\u00e1 un proyecto de ley promovido por Claudia Panzardi, que busca modificar el r\u00e9gimen de licencias y permisos de la Administraci\u00f3n P\u00fablica, tambi\u00e9n referido a la licencia por paternidad.<br \/>\nOtro de los temas que ser\u00e1n debatidos en el recinto, es un proyecto de Juan Jos\u00e9 Bergia que impulsa establecer como obligatorio para toda persona que desempe\u00f1e un cargo, funci\u00f3n o actividad en la que se encuentre en contacto con ni\u00f1os, ni\u00f1as o adolescentes, sea en el \u00e1mbito p\u00fablico como privado, en forma previa al ingreso a la organizaci\u00f3n p\u00fablica o privada; la realizaci\u00f3n de un examen psicodiagn\u00f3stico espec\u00edficamente orientado a la prevenci\u00f3n de situaciones que pudieran vulnerar derechos de los ni\u00f1os, ni\u00f1as y adolescentes.<br \/>\nEn materia de salud, el Poder Legislativo abordar\u00e1 una adhesi\u00f3n  a la ley nacional 27.678 -Programa Nacional de Cuidados Paliativos -, en todo lo que no resulte contrario a las leyes 1087-G y 2066-G, la que ser\u00e1 de aplicaci\u00f3n complementaria; as\u00ed como un proyecto para instituir el d\u00eda 12 de octubre como &#8220;D\u00eda provincial del paciente con artritis reumatoidea&#8221;.<br \/>\nFinalmente, se debatir\u00e1 una declaraci\u00f3n  de utilidad p\u00fablica e inter\u00e9s social y sujeto a expropiaci\u00f3n los inmuebles de Resistencia, en los Barrios Don Santiago y Mapic y la instauraci\u00f3n del D\u00eda de la cumbia chaque\u00f1a.<\/div>\n","protected":false},"excerpt":{"rendered":"<p>Diputadas y diputados consensuaron tratar la creaci\u00f3n de un programa de espacios activos y establecer un r\u00e9gimen especial de licencia por paternidad para el personal masculino de la administraci\u00f3n p\u00fablica provincial. El debate est\u00e1 previsto para este mi\u00e9rcoles, a partir de las 14. Diputadas y diputados de los distintos espacios pol\u00edticos acordaron este martes, en [&hellip;]<\/p>\n","protected":false},"author":1,"featured_media":27348,"comment_status":"closed","ping_status":"closed","sticky":false,"template":"","format":"standard","meta":{"footnotes":""},"categories":[6],"tags":[],"class_list":{"0":"post-27347","1":"post","2":"type-post","3":"status-publish","4":"format-standard","5":"has-post-thumbnail","7":"category-chaco"},"_links":{"self":[{"href":"https:\/\/chacosintesis.com.ar\/index.php\/wp-json\/wp\/v2\/posts\/27347","targetHints":{"allow":["GET"]}}],"collection":[{"href":"https:\/\/chacosintesis.com.ar\/index.php\/wp-json\/wp\/v2\/posts"}],"about":[{"href":"https:\/\/chacosintesis.com.ar\/index.php\/wp-json\/wp\/v2\/types\/post"}],"author":[{"embeddable":true,"href":"https:\/\/chacosintesis.com.ar\/index.php\/wp-json\/wp\/v2\/users\/1"}],"replies":[{"embeddable":true,"href":"https:\/\/chacosintesis.com.ar\/index.php\/wp-json\/wp\/v2\/comments?post=27347"}],"version-history":[{"count":0,"href":"https:\/\/chacosintesis.com.ar\/index.php\/wp-json\/wp\/v2\/posts\/27347\/revisions"}],"wp:featuredmedia":[{"embeddable":true,"href":"https:\/\/chacosintesis.com.ar\/index.php\/wp-json\/wp\/v2\/media\/27348"}],"wp:attachment":[{"href":"https:\/\/chacosintesis.com.ar\/index.php\/wp-json\/wp\/v2\/media?parent=27347"}],"wp:term":[{"taxonomy":"category","embeddable":true,"href":"https:\/\/chacosintesis.com.ar\/index.php\/wp-json\/wp\/v2\/categories?post=27347"},{"taxonomy":"post_tag","embeddable":true,"href":"https:\/\/chacosintesis.com.ar\/index.php\/wp-json\/wp\/v2\/tags?post=27347"}],"curies":[{"name":"wp","href":"https:\/\/api.w.org\/{rel}","templated":true}]}}