{"id":27339,"date":"2023-09-26T19:25:19","date_gmt":"2023-09-26T22:25:19","guid":{"rendered":"https:\/\/chacosintesis.com.ar\/?p=27339"},"modified":"2023-09-26T19:36:58","modified_gmt":"2023-09-26T22:36:58","slug":"en-octubre-continuan-los-mercados-populares-con-precios-justos","status":"publish","type":"post","link":"https:\/\/chacosintesis.com.ar\/index.php\/en-octubre-continuan-los-mercados-populares-con-precios-justos\/","title":{"rendered":"En octubre contin\u00faan los mercados populares con precios justos"},"content":{"rendered":"<div class=\"postie-post\">Este \u00faltimo fin de semana de septiembre y en octubre, los operativos se desarrollar\u00e1n en las plazas Paseo Sur y de la Integraci\u00f3n, adem\u00e1s del campus de la UNNE Resistencia.<br \/>\nEl Ministerio de Desarrollo Social informa que durante este \u00faltimo fin de semana de septiembre y el primero de octubre continuar\u00e1n los Mercados Populares en Resistencia. Se trata de operativos de comercializaci\u00f3n de alimentos frescos, producciones y artesan\u00edas confeccionadas por emprendedoras, emprendedores y unidades productivas chaque\u00f1as, a precios accesibles. La propuesta iniciar\u00e1 este viernes 29 en Plaza Paseo Sur (Avenida Belgrano y calle Falucho), y continuar\u00e1 el s\u00e1bado 30 de septiembre en Plaza de la Integraci\u00f3n (intersecci\u00f3n de las Avenidas 9 de Julio y Espa\u00f1a).Se podr\u00e1n adquirir distintos tipos de cortes de carnes, pescados, panificados, verduras, huevos, l\u00e1cteos, conservas, variadas artesan\u00edas y producciones realizadas por emprendedores locales y unidades productivas que articulan con la cartera social. De esta manera se garantiza el acompa\u00f1amiento integral a las y los emprendedores, facilit\u00e1ndoles espacios adecuados y mayores posibilidades de comercializaci\u00f3n en ferias, mercados y almacenes populares locales. Adem\u00e1s de acercar a la poblaci\u00f3n productos de calidad, 100% chaque\u00f1os y a precios justos. Las siguientes ediciones ser\u00e1n en octubre, viernes 6 en el predio del campus de la Universidad Nacional del Nordeste (Avenida Las Heras 727), y el s\u00e1bado 7, se realizar\u00e1 nuevamente en Plaza de la Integraci\u00f3n (Avenidas 9 de Julio y Espa\u00f1a). Todos los operativos se desarrollar\u00e1n en el horario de 9 a 13.<\/p>\n<p>Fortalecimiento al emprendedurismo<br \/>\nLa Unidad Ejecutora de Pol\u00edticas Sociales brinda peri\u00f3dicamente a las y los emprendedores, capacitaciones sobre educaci\u00f3n financiera y tributaria, entre otras estrategias para posicionamiento de productos por canales digitales, con el objetivo de incrementar las ventas y aumentar oportunidades de trabajo autogestivo, fortaleciendo la econom\u00eda social y popular. Las y los emprendedores interesados en participar de los Mercados Populares, deben ingresar a <a href=\"https:\/\/emprendemos.chaco.gob.ar\/\">emprendemos.chaco.gob.ar\/<\/a>, o bien acercarse a los municipios adheridos. En Resistencia deben dirigirse a Avenida San Mart\u00edn 266, sede de la Unidad Ejecutora de Pol\u00edticas Sociales, comunicarse por tel\u00e9fono al 362-4742371, o bien por correo electr\u00f3nico a: <a href=\"mailto:emprendemostodos@chaco.gob.ar\">emprendemostodos@chaco.gob.ar<\/a><\/p>\n<p>Acceso gratuito al transporte p\u00fablico y vacunaci\u00f3n<br \/>\nPara facilitar el acceso a los Mercados Populares de esta edici\u00f3n, la Subsecretar\u00eda de Transporte dispuso el traslado gratuito en las l\u00edneas de colectivos 110, 106 A y B, exclusivamente en dos horarios: 9 y 12.30, adem\u00e1s el viaje sin costo ser\u00e1 solamente en las unidades identificadas. A los Mercados Populares en la capital del Chaco, en los mismos d\u00edas y horarios, se sumar\u00e1n equipos del Ministerio de Salud P\u00fablica, con postas sanitarias de vacunaci\u00f3n para vecinas y vecinos interesados.<\/p><\/div>\n","protected":false},"excerpt":{"rendered":"<p>Este \u00faltimo fin de semana de septiembre y en octubre, los operativos se desarrollar\u00e1n en las plazas Paseo Sur y de la Integraci\u00f3n, adem\u00e1s del campus de la UNNE Resistencia. El Ministerio de Desarrollo Social informa que durante este \u00faltimo fin de semana de septiembre y el primero de octubre continuar\u00e1n los Mercados Populares en [&hellip;]<\/p>\n","protected":false},"author":1,"featured_media":27340,"comment_status":"closed","ping_status":"closed","sticky":false,"template":"","format":"standard","meta":{"footnotes":""},"categories":[6],"tags":[],"class_list":{"0":"post-27339","1":"post","2":"type-post","3":"status-publish","4":"format-standard","5":"has-post-thumbnail","7":"category-chaco"},"_links":{"self":[{"href":"https:\/\/chacosintesis.com.ar\/index.php\/wp-json\/wp\/v2\/posts\/27339","targetHints":{"allow":["GET"]}}],"collection":[{"href":"https:\/\/chacosintesis.com.ar\/index.php\/wp-json\/wp\/v2\/posts"}],"about":[{"href":"https:\/\/chacosintesis.com.ar\/index.php\/wp-json\/wp\/v2\/types\/post"}],"author":[{"embeddable":true,"href":"https:\/\/chacosintesis.com.ar\/index.php\/wp-json\/wp\/v2\/users\/1"}],"replies":[{"embeddable":true,"href":"https:\/\/chacosintesis.com.ar\/index.php\/wp-json\/wp\/v2\/comments?post=27339"}],"version-history":[{"count":0,"href":"https:\/\/chacosintesis.com.ar\/index.php\/wp-json\/wp\/v2\/posts\/27339\/revisions"}],"wp:featuredmedia":[{"embeddable":true,"href":"https:\/\/chacosintesis.com.ar\/index.php\/wp-json\/wp\/v2\/media\/27340"}],"wp:attachment":[{"href":"https:\/\/chacosintesis.com.ar\/index.php\/wp-json\/wp\/v2\/media?parent=27339"}],"wp:term":[{"taxonomy":"category","embeddable":true,"href":"https:\/\/chacosintesis.com.ar\/index.php\/wp-json\/wp\/v2\/categories?post=27339"},{"taxonomy":"post_tag","embeddable":true,"href":"https:\/\/chacosintesis.com.ar\/index.php\/wp-json\/wp\/v2\/tags?post=27339"}],"curies":[{"name":"wp","href":"https:\/\/api.w.org\/{rel}","templated":true}]}}