{"id":27329,"date":"2023-09-26T19:17:18","date_gmt":"2023-09-26T22:17:18","guid":{"rendered":"https:\/\/chacosintesis.com.ar\/?p=27329"},"modified":"2023-09-26T19:36:37","modified_gmt":"2023-09-26T22:36:37","slug":"la-comision-de-asuntos-municipales-acompanara-los-aniversarios-de-seis-localidades-chaquenas","status":"publish","type":"post","link":"https:\/\/chacosintesis.com.ar\/index.php\/la-comision-de-asuntos-municipales-acompanara-los-aniversarios-de-seis-localidades-chaquenas\/","title":{"rendered":"La Comisi\u00f3n de Asuntos Municipales acompa\u00f1ar\u00e1 los aniversarios de seis localidades chaque\u00f1as"},"content":{"rendered":"<div class=\"postie-post\">En la agenda tambi\u00e9n analizaron el proyecto de creaci\u00f3n del municipio de Fort\u00edn Lavalle.<br \/>\nEncabezada por la diputada Claudia Panzardi, se llev\u00f3 a cabo una nueva reuni\u00f3n ordinaria de la comisi\u00f3n,  donde se analizaron  distintas propuestas que impulsan la creaci\u00f3n  del Municipio de Fort\u00edn Lavalle, ubicado en el Departamento General G\u00fcemes, que actualmente funciona como delegaci\u00f3n dependiente del Municipio de Villa R\u00edo Bermejito, proyectos que continuar\u00e1n en estudio por parte de las y los legisladores.<br \/>\nAsimismo se encontraban en el temario proyectos de resoluci\u00f3n relacionados a declarar  de Inter\u00e9s Legislativo Provincial y Cultural los aniversarios de distintas localidades del Chaco como ser el 135\u00ba de \u201cGeneral Vedia\u201d,el 12 de octubre;  el 119\u00ba aniversario de la fundaci\u00f3n de la localidad de La Eduvigis, el 16 de ese mes; el 44\u00b0 de \u201cEl Sauzalito\u201d, a celebrarse el 18 de octubre.<br \/>\nTambi\u00e9n acompa\u00f1aron la conmemoraci\u00f3n por los aniversarios de Puerto Eva Per\u00f3n el 25 de octubre, el 89\u00b0 de Los Frentones el 31 pr\u00f3ximo y el 108\u00ba aniversario fundacional de la localidad de \u201cWichi El Pintado\u201d, que se celebra el 23 de octubre.<br \/>\nJunto a Panzardi dieron qu\u00f3rum en la reuni\u00f3n los diputados Rodrigo Ocampo, Sebasti\u00e1n Lazzarini, Leandro Zdero, Juan Jos\u00e9 Bergia y la diputada Alicia Azula.<\/div>\n","protected":false},"excerpt":{"rendered":"<p>En la agenda tambi\u00e9n analizaron el proyecto de creaci\u00f3n del municipio de Fort\u00edn Lavalle. Encabezada por la diputada Claudia Panzardi, se llev\u00f3 a cabo una nueva reuni\u00f3n ordinaria de la comisi\u00f3n, donde se analizaron distintas propuestas que impulsan la creaci\u00f3n del Municipio de Fort\u00edn Lavalle, ubicado en el Departamento General G\u00fcemes, que actualmente funciona como [&hellip;]<\/p>\n","protected":false},"author":1,"featured_media":27330,"comment_status":"closed","ping_status":"closed","sticky":false,"template":"","format":"standard","meta":{"footnotes":""},"categories":[6],"tags":[],"class_list":{"0":"post-27329","1":"post","2":"type-post","3":"status-publish","4":"format-standard","5":"has-post-thumbnail","7":"category-chaco"},"_links":{"self":[{"href":"https:\/\/chacosintesis.com.ar\/index.php\/wp-json\/wp\/v2\/posts\/27329","targetHints":{"allow":["GET"]}}],"collection":[{"href":"https:\/\/chacosintesis.com.ar\/index.php\/wp-json\/wp\/v2\/posts"}],"about":[{"href":"https:\/\/chacosintesis.com.ar\/index.php\/wp-json\/wp\/v2\/types\/post"}],"author":[{"embeddable":true,"href":"https:\/\/chacosintesis.com.ar\/index.php\/wp-json\/wp\/v2\/users\/1"}],"replies":[{"embeddable":true,"href":"https:\/\/chacosintesis.com.ar\/index.php\/wp-json\/wp\/v2\/comments?post=27329"}],"version-history":[{"count":0,"href":"https:\/\/chacosintesis.com.ar\/index.php\/wp-json\/wp\/v2\/posts\/27329\/revisions"}],"wp:featuredmedia":[{"embeddable":true,"href":"https:\/\/chacosintesis.com.ar\/index.php\/wp-json\/wp\/v2\/media\/27330"}],"wp:attachment":[{"href":"https:\/\/chacosintesis.com.ar\/index.php\/wp-json\/wp\/v2\/media?parent=27329"}],"wp:term":[{"taxonomy":"category","embeddable":true,"href":"https:\/\/chacosintesis.com.ar\/index.php\/wp-json\/wp\/v2\/categories?post=27329"},{"taxonomy":"post_tag","embeddable":true,"href":"https:\/\/chacosintesis.com.ar\/index.php\/wp-json\/wp\/v2\/tags?post=27329"}],"curies":[{"name":"wp","href":"https:\/\/api.w.org\/{rel}","templated":true}]}}