{"id":27323,"date":"2023-09-26T18:46:52","date_gmt":"2023-09-26T21:46:52","guid":{"rendered":"https:\/\/chacosintesis.com.ar\/?p=27323"},"modified":"2023-09-26T19:06:50","modified_gmt":"2023-09-26T22:06:50","slug":"continua-el-proceso-de-desarrollo-urbanistico-de-la-rubita","status":"publish","type":"post","link":"https:\/\/chacosintesis.com.ar\/index.php\/continua-el-proceso-de-desarrollo-urbanistico-de-la-rubita\/","title":{"rendered":"Contin\u00faa el proceso de desarrollo urban\u00edstico de La Rubita"},"content":{"rendered":"<div class=\"postie-post\">Concluy\u00f3 la obra de todo el sistema de red de aguas y cloacas mientras que avanza la ejecuci\u00f3n de viviendas, pavimento, ripio e iluminaci\u00f3n. &#8220;Seguimos trabajando en este proyecto integral que permitir\u00e1 que m\u00e1s de 2.500 familias vivan dignamente&#8221;, destac\u00f3 la ministra Soneira.<br \/>\nLa ministra de Ambiente y Desarrollo Territorial Sostenible Marta Soneira recorri\u00f3 las obras que se ejecutan en La Rubita y defini\u00f3 las prioridades para esta etapa. Para ello se reuni\u00f3 con las cooperativas y la mesa de gesti\u00f3n del barrio que vienen trabajando en las viviendas. \u201cSeguimos trabajando en este proyecto integral que permitir\u00e1 que m\u00e1s de 2.500 familias vivan dignamente\u201d, destac\u00f3 la funcionaria provincial.<br \/>\nLa cartera concluy\u00f3 la obra de todo el sistema de red de aguas y cloacas que se encuentra en etapa de pruebas y conexi\u00f3n con anillado de Sameep. Estos trabajos permitieron avanzar en el sistema de desagu?es troncales, profundizaci\u00f3n y relleno de cavas de manera parcial, liberaci\u00f3n de trazas y apertura de calles y generaci\u00f3n de lotes urbanos para construcci\u00f3n de viviendas. Adem\u00e1s avanzan las viviendas para entregar a familias relocalizadas, el pavimento en la avenida calle 29 completa (Edison a Castelli), el ripio, cord\u00f3n y cunetas y la iluminaci\u00f3n completa del sector 1 y 2. \u201cQueremos que m\u00e1s vecinos y vecinas puedan acceder a la infraestructura b\u00e1sica que necesitan\u201d, finaliz\u00f3 Soneira.<\/div>\n","protected":false},"excerpt":{"rendered":"<p>Concluy\u00f3 la obra de todo el sistema de red de aguas y cloacas mientras que avanza la ejecuci\u00f3n de viviendas, pavimento, ripio e iluminaci\u00f3n. &#8220;Seguimos trabajando en este proyecto integral que permitir\u00e1 que m\u00e1s de 2.500 familias vivan dignamente&#8221;, destac\u00f3 la ministra Soneira. La ministra de Ambiente y Desarrollo Territorial Sostenible Marta Soneira recorri\u00f3 las [&hellip;]<\/p>\n","protected":false},"author":1,"featured_media":27324,"comment_status":"closed","ping_status":"closed","sticky":false,"template":"","format":"standard","meta":{"footnotes":""},"categories":[6],"tags":[],"class_list":{"0":"post-27323","1":"post","2":"type-post","3":"status-publish","4":"format-standard","5":"has-post-thumbnail","7":"category-chaco"},"_links":{"self":[{"href":"https:\/\/chacosintesis.com.ar\/index.php\/wp-json\/wp\/v2\/posts\/27323","targetHints":{"allow":["GET"]}}],"collection":[{"href":"https:\/\/chacosintesis.com.ar\/index.php\/wp-json\/wp\/v2\/posts"}],"about":[{"href":"https:\/\/chacosintesis.com.ar\/index.php\/wp-json\/wp\/v2\/types\/post"}],"author":[{"embeddable":true,"href":"https:\/\/chacosintesis.com.ar\/index.php\/wp-json\/wp\/v2\/users\/1"}],"replies":[{"embeddable":true,"href":"https:\/\/chacosintesis.com.ar\/index.php\/wp-json\/wp\/v2\/comments?post=27323"}],"version-history":[{"count":0,"href":"https:\/\/chacosintesis.com.ar\/index.php\/wp-json\/wp\/v2\/posts\/27323\/revisions"}],"wp:featuredmedia":[{"embeddable":true,"href":"https:\/\/chacosintesis.com.ar\/index.php\/wp-json\/wp\/v2\/media\/27324"}],"wp:attachment":[{"href":"https:\/\/chacosintesis.com.ar\/index.php\/wp-json\/wp\/v2\/media?parent=27323"}],"wp:term":[{"taxonomy":"category","embeddable":true,"href":"https:\/\/chacosintesis.com.ar\/index.php\/wp-json\/wp\/v2\/categories?post=27323"},{"taxonomy":"post_tag","embeddable":true,"href":"https:\/\/chacosintesis.com.ar\/index.php\/wp-json\/wp\/v2\/tags?post=27323"}],"curies":[{"name":"wp","href":"https:\/\/api.w.org\/{rel}","templated":true}]}}