{"id":27313,"date":"2023-09-26T18:28:25","date_gmt":"2023-09-26T21:28:25","guid":{"rendered":"https:\/\/chacosintesis.com.ar\/?p=27313"},"modified":"2023-09-26T18:37:14","modified_gmt":"2023-09-26T21:37:14","slug":"pami-pagara-el-monto-de-panales-en-el-sueldo","status":"publish","type":"post","link":"https:\/\/chacosintesis.com.ar\/index.php\/pami-pagara-el-monto-de-panales-en-el-sueldo\/","title":{"rendered":"PAMI pagar\u00e1 el monto de pa\u00f1ales en el sueldo"},"content":{"rendered":"<div class=\"postie-post\">\u201cEsto beneficia a todos los afiliados y m\u00e1s principalmente a los del interior de la provincia porque hab\u00eda localidades que no ten\u00edan farmacias con PAMI y eso influ\u00eda en un mayor costo de remis y colectivos\u201d, se\u00f1al\u00f3 Roberto Sandoval, director de PAMI Chaco.<br \/>\nPAMI lanz\u00f3 una nueva medida que tiene que ver con la modalidad de entrega de pa\u00f1ales, donde ahora se podr\u00e1 elegir la marca y el lugar en donde comprarlos. La nueva medida entr\u00f3 en vigencia el 22 de septiembre e implica el dep\u00f3sito del monto correspondiente a los pa\u00f1ales en la cuenta en donde el afiliado o afiliada recibe sus haberes jubilatorios. Roberto Sandoval, director de PAMI Chaco, dio m\u00e1s detalles a Chaco TV sobre esta implementaci\u00f3n.<br \/>\nEn este sentido, explic\u00f3: \u201cDe ahora en m\u00e1s se va a depositar todo lo que representa el costo del pa\u00f1al en el recibo de sueldo de la afiliada o afiliado que ya cuente con esa prestaci\u00f3n\u201d. Asimismo, agreg\u00f3: \u201cAdem\u00e1s, tendr\u00e1 la posibilidad de elegir d\u00f3nde comprar, qu\u00e9 marca comprar y c\u00f3mo comprarlo\u201d.  \u201cEsto beneficia a todos los afiliados y m\u00e1s principalmente a los del interior de la provincia porque hab\u00eda localidades que no ten\u00edan farmacias con PAMI y eso influ\u00eda en un mayor costo de remis y colectivos\u201d, se\u00f1al\u00f3.<br \/>\nSobre esta medida, expres\u00f3 que PAMI cuenta con \u201cun alto n\u00famero de afiliados que requieren de esta prestaci\u00f3n\u201d. En cuanto a su funcionamiento, ser\u00e1 de forma autom\u00e1tica para quienes ya est\u00e9n incorporados al sistema, mientras que para los que requieran de este servicio a partir del mes que viene, deber\u00e1n dirigirse a su m\u00e9dico de cabecera para que proceda a realizar el tr\u00e1mite a trav\u00e9s de la orden medica electr\u00f3nica y de esa manera cargar en el sistema el pa\u00f1al que necesita el afiliado.<\/div>\n","protected":false},"excerpt":{"rendered":"<p>\u201cEsto beneficia a todos los afiliados y m\u00e1s principalmente a los del interior de la provincia porque hab\u00eda localidades que no ten\u00edan farmacias con PAMI y eso influ\u00eda en un mayor costo de remis y colectivos\u201d, se\u00f1al\u00f3 Roberto Sandoval, director de PAMI Chaco. PAMI lanz\u00f3 una nueva medida que tiene que ver con la modalidad [&hellip;]<\/p>\n","protected":false},"author":1,"featured_media":27314,"comment_status":"closed","ping_status":"closed","sticky":false,"template":"","format":"standard","meta":{"footnotes":""},"categories":[6],"tags":[],"class_list":{"0":"post-27313","1":"post","2":"type-post","3":"status-publish","4":"format-standard","5":"has-post-thumbnail","7":"category-chaco"},"_links":{"self":[{"href":"https:\/\/chacosintesis.com.ar\/index.php\/wp-json\/wp\/v2\/posts\/27313","targetHints":{"allow":["GET"]}}],"collection":[{"href":"https:\/\/chacosintesis.com.ar\/index.php\/wp-json\/wp\/v2\/posts"}],"about":[{"href":"https:\/\/chacosintesis.com.ar\/index.php\/wp-json\/wp\/v2\/types\/post"}],"author":[{"embeddable":true,"href":"https:\/\/chacosintesis.com.ar\/index.php\/wp-json\/wp\/v2\/users\/1"}],"replies":[{"embeddable":true,"href":"https:\/\/chacosintesis.com.ar\/index.php\/wp-json\/wp\/v2\/comments?post=27313"}],"version-history":[{"count":0,"href":"https:\/\/chacosintesis.com.ar\/index.php\/wp-json\/wp\/v2\/posts\/27313\/revisions"}],"wp:featuredmedia":[{"embeddable":true,"href":"https:\/\/chacosintesis.com.ar\/index.php\/wp-json\/wp\/v2\/media\/27314"}],"wp:attachment":[{"href":"https:\/\/chacosintesis.com.ar\/index.php\/wp-json\/wp\/v2\/media?parent=27313"}],"wp:term":[{"taxonomy":"category","embeddable":true,"href":"https:\/\/chacosintesis.com.ar\/index.php\/wp-json\/wp\/v2\/categories?post=27313"},{"taxonomy":"post_tag","embeddable":true,"href":"https:\/\/chacosintesis.com.ar\/index.php\/wp-json\/wp\/v2\/tags?post=27313"}],"curies":[{"name":"wp","href":"https:\/\/api.w.org\/{rel}","templated":true}]}}