{"id":27301,"date":"2023-09-26T08:09:31","date_gmt":"2023-09-26T11:09:31","guid":{"rendered":"https:\/\/chacosintesis.com.ar\/?p=27301"},"modified":"2023-09-26T08:34:25","modified_gmt":"2023-09-26T11:34:25","slug":"diputados-de-juntos-por-el-cambio-ratificaron-la-denuncia-penal-contra-el-piquetero-tito-lopez","status":"publish","type":"post","link":"https:\/\/chacosintesis.com.ar\/index.php\/diputados-de-juntos-por-el-cambio-ratificaron-la-denuncia-penal-contra-el-piquetero-tito-lopez\/","title":{"rendered":"Diputados de Juntos por el Cambio ratificaron la denuncia penal contra el piquetero &#8220;Tito&#8221; L\u00f3pez"},"content":{"rendered":"<div class=\"postie-post\">Los legisladores Dorys Arkwright y Alejandro Aradas presentaron un escrito ante la Fiscal\u00eda N\u00ba 2 en el que se constituyeron en querellantes con el correspondiente aporte de pruebas de delitos contra el dirigente Ram\u00f3n &#8220;Tito&#8221; L\u00f3pez.<\/p>\n<p>La denuncia se present\u00f3 en nombre y representaci\u00f3n de los diputados del Bloque UCR de la legislatura provincial, quienes a trav\u00e9s de la justicia solicitan encuadrar provisoriamente el hecho en el delito de Intimidaci\u00f3n P\u00fablica e Incitaci\u00f3n a la Violencia Colectiva, tipificados en los art\u00edculos 211 y 213 bis del C\u00f3digo Penal, en concurso real con el delito de Atentado al orden constitucional y a la vida democr\u00e1tica. Adem\u00e1s quedar\u00eda probado el delito de Sedici\u00f3n tipificado en los art\u00edculos 229 y 230 inc,a) del C\u00f3digo Penal.<\/p>\n<p> Cabe destacar que en la propia denuncia los legisladores avanzan en la necesidad cruzar datos de distintos organismos p\u00fablicos a fin de determinar la participaci\u00f3n de Tito L\u00f3pez en posibles hechos de Malversaci\u00f3n de Caudales P\u00fablicos y\/o Negociaciones incompatibles con la funci\u00f3n p\u00fablica, tipificados en los art\u00edculos 260 y 265 del C\u00f3digo Penal, respectivamente. Luego de la presentaci\u00f3n, la diputada Dorys Arkwright asegur\u00f3: &#8220;Lo que hizo este dirigente piquetero es antidemocr\u00e1tico y anticonstitucional. La ciudadan\u00eda chaque\u00f1a vot\u00f3 un cambio profundo y el gobernador electo Leandro Zdero manifiesta su absoluta predisposici\u00f3n al di\u00e1logo con todos los sectores pero no podemos permitir el apriete y la extorsi\u00f3n de ning\u00fan sector&#8221;.<\/p><\/div>\n","protected":false},"excerpt":{"rendered":"<p>Los legisladores Dorys Arkwright y Alejandro Aradas presentaron un escrito ante la Fiscal\u00eda N\u00ba 2 en el que se constituyeron en querellantes con el correspondiente aporte de pruebas de delitos contra el dirigente Ram\u00f3n &#8220;Tito&#8221; L\u00f3pez. La denuncia se present\u00f3 en nombre y representaci\u00f3n de los diputados del Bloque UCR de la legislatura provincial, quienes [&hellip;]<\/p>\n","protected":false},"author":1,"featured_media":27302,"comment_status":"closed","ping_status":"closed","sticky":false,"template":"","format":"standard","meta":{"footnotes":""},"categories":[6],"tags":[],"class_list":{"0":"post-27301","1":"post","2":"type-post","3":"status-publish","4":"format-standard","5":"has-post-thumbnail","7":"category-chaco"},"_links":{"self":[{"href":"https:\/\/chacosintesis.com.ar\/index.php\/wp-json\/wp\/v2\/posts\/27301","targetHints":{"allow":["GET"]}}],"collection":[{"href":"https:\/\/chacosintesis.com.ar\/index.php\/wp-json\/wp\/v2\/posts"}],"about":[{"href":"https:\/\/chacosintesis.com.ar\/index.php\/wp-json\/wp\/v2\/types\/post"}],"author":[{"embeddable":true,"href":"https:\/\/chacosintesis.com.ar\/index.php\/wp-json\/wp\/v2\/users\/1"}],"replies":[{"embeddable":true,"href":"https:\/\/chacosintesis.com.ar\/index.php\/wp-json\/wp\/v2\/comments?post=27301"}],"version-history":[{"count":0,"href":"https:\/\/chacosintesis.com.ar\/index.php\/wp-json\/wp\/v2\/posts\/27301\/revisions"}],"wp:featuredmedia":[{"embeddable":true,"href":"https:\/\/chacosintesis.com.ar\/index.php\/wp-json\/wp\/v2\/media\/27302"}],"wp:attachment":[{"href":"https:\/\/chacosintesis.com.ar\/index.php\/wp-json\/wp\/v2\/media?parent=27301"}],"wp:term":[{"taxonomy":"category","embeddable":true,"href":"https:\/\/chacosintesis.com.ar\/index.php\/wp-json\/wp\/v2\/categories?post=27301"},{"taxonomy":"post_tag","embeddable":true,"href":"https:\/\/chacosintesis.com.ar\/index.php\/wp-json\/wp\/v2\/tags?post=27301"}],"curies":[{"name":"wp","href":"https:\/\/api.w.org\/{rel}","templated":true}]}}