{"id":27296,"date":"2023-09-25T17:39:37","date_gmt":"2023-09-25T20:39:37","guid":{"rendered":"https:\/\/chacosintesis.com.ar\/?p=27296"},"modified":"2023-09-25T18:06:43","modified_gmt":"2023-09-25T21:06:43","slug":"la-orquesta-comunitaria-cruce-viejo-fue-parte-de-la-gran-orquesta-federal-en-tecnopolis","status":"publish","type":"post","link":"https:\/\/chacosintesis.com.ar\/index.php\/la-orquesta-comunitaria-cruce-viejo-fue-parte-de-la-gran-orquesta-federal-en-tecnopolis\/","title":{"rendered":"La Orquesta Comunitaria Cruce Viejo fue parte de la Gran Orquesta Federal en Tecn\u00f3polis"},"content":{"rendered":"<div class=\"postie-post\">El concierto, organizado por el Ministerio de Cultura de la Naci\u00f3n, reuni\u00f3 a 2500 ni\u00f1os, ni\u00f1os y j\u00f3venes bajo la batuta de Gustavo &#8220;Popi&#8221; Spatocco. Cont\u00f3 con grandes invitados como Nadia Larcher, Nahuel Pennisi, Malena D&#8217;Alessio, Rolando Goldman y Le\u00f3n Gieco.<br \/>\nLa Orquesta Comunitaria Cruce Viejo del paraje rural de Puerto Tirol, se present\u00f3 este s\u00e1bado en Tecn\u00f3polis (el parque tem\u00e1tico de arte, ciencia y tecnolog\u00eda m\u00e1s grande de Latinoam\u00e9rica), integrando la Gran Orquesta Federal Infantil y Juvenil, con entrada libre y gratuita.<br \/>\nBajo el lema &#8220;La Cultura es la Sonrisa&#8221;, el concierto organizado por el Programa Social de Orquestas Infantiles y Juveniles del Ministerio de Cultura de la Naci\u00f3n reuni\u00f3 a 2500 ni\u00f1os, ni\u00f1as y j\u00f3venes de orquestas sociales de todo el pa\u00eds. Cont\u00f3 con la direcci\u00f3n de Gustavo &#8220;Popi&#8221; Spatocco y la participaci\u00f3n especial de grandes artistas invitados como Nadia Larcher, Nahuel Pennisi, Malena D&#8217;Alessio, Rolando Goldman y Le\u00f3n Gieco.<br \/>\nEstuvieron presentes el ministro de Cultura de la Naci\u00f3n, Trist\u00e1n Bauer; la directora de Tecn\u00f3polis, Mar\u00eda Rosenfeld; el coordinador de las Orquestas Infantiles y Juveniles, y director del concierto, Rolando Goldman; la directora nacional de Diversidad y Cultura Comunitaria, Laura Bianchi, y el secretario de Gesti\u00f3n Cultural, Federico Prieto. La Cultura es la Sonrisa fue un concierto nunca antes visto en la Argentina con la orquesta m\u00e1s grande que haya tocado en el pa\u00eds.<br \/>\nEn esta ocasi\u00f3n, el ministro Tristan Bauer, expres\u00f3: &#8220;Cu\u00e1nta emoci\u00f3n sentimos al estar aqu\u00ed, en Tecn\u00f3polis, con el acompa\u00f1amiento de artistas extraordinarios. Cada uno y cada una de ustedes son protagonistas de este momento. Quiero agradecer a las y los trabajadores de la TV P\u00fablica que van a grabar todo el concierto y lo van a transmitir para todo el pa\u00eds&#8221;.<br \/>\n&#8220;Es tiempo de defender lo p\u00fablico, la educaci\u00f3n p\u00fablica, la salud p\u00fablica, nuestras orquestas. Y no es tiempo para destruir, es tiempo para, entre todos y todas, tomarnos de las manos, ser solidarios y construir un pa\u00eds m\u00e1s justo y m\u00e1s hermoso. Qu\u00e9 vivan las orquestas, qu\u00e9 viva la m\u00fasica, qu\u00e9 viva la cultura argentina\u201d, remarc\u00f3.<br \/>\nPor su parte, Goldman destac\u00f3: &#8220;Estamos ante un hecho hist\u00f3rico que va a quedar para siempre en nuestras mentes y corazones. No es casualidad que hayamos podido concretarlo, porque estamos asistiendo a este hecho hist\u00f3rico no como espectadores, sino como protagonistas porque en cada barrio popular, donde hay una orquesta, se sabe cabalmente qu\u00e9 significa el trabajo. Nosotros concebimos estas experiencias como procesos, no como eventos. Es parte de un proceso con el que venimos trabajando desde hace mucho tiempo\u201d.<br \/>\n&#8220;Estamos convencidos de que el arte y la cultura no son neutros, son terrenos de disputa entre distintos sectores sociales: est\u00e1n quienes quieren desarrollar pol\u00edticas para mantener la dominaci\u00f3n del pueblo; y est\u00e1n quienes llevamos adelante estas pol\u00edticas p\u00fablicas en el campo de la cultura para la transformaci\u00f3n social. Y esa transformaci\u00f3n la vemos en cada uno, es un trabajo colectivo que se va multiplicando por todo el pa\u00eds\u201d, manifest\u00f3.<br \/>\nEl Programa de Orquestas Infantiles y Juveniles<br \/>\nSe cre\u00f3 2005 con el prop\u00f3sito de extender y consolidar en todo el territorio nacional un modelo de orquestas que tengan como premisa fundamental la socializaci\u00f3n y el esfuerzo colectivo de sus integrantes. Funciona a trav\u00e9s de un esquema de convenios con municipios, provincias y organizaciones de la sociedad civil.<br \/>\nDurante los \u00faltimos cuatro a\u00f1os, el Programa agrupa a 100 orquestas vinculadas, entre orquestas nuevas y otras preexistentes. De estas, 55 pertenecen al Programa Andr\u00e9s Chazarreta y 45 al Programa Celia Torr\u00e1, dentro del cual se encuentra la Orquesta Comunitaria Cruce Viejo del Chaco.<br \/>\nDesde la Asociaci\u00f3n Civil Cruce Joven, marco institucional en el que funciona la orquesta local, expresaron que se trata de &#8220;una experiencia inolvidable que permite tomar la dimensi\u00f3n de un objetivo com\u00fan y del proceso colectivo que realizan las orquestas a lo largo y ancho del pa\u00eds, como pol\u00edticas p\u00fablicas&#8221;.<\/div>\n","protected":false},"excerpt":{"rendered":"<p>El concierto, organizado por el Ministerio de Cultura de la Naci\u00f3n, reuni\u00f3 a 2500 ni\u00f1os, ni\u00f1os y j\u00f3venes bajo la batuta de Gustavo &#8220;Popi&#8221; Spatocco. Cont\u00f3 con grandes invitados como Nadia Larcher, Nahuel Pennisi, Malena D&#8217;Alessio, Rolando Goldman y Le\u00f3n Gieco. La Orquesta Comunitaria Cruce Viejo del paraje rural de Puerto Tirol, se present\u00f3 este [&hellip;]<\/p>\n","protected":false},"author":1,"featured_media":27297,"comment_status":"closed","ping_status":"closed","sticky":false,"template":"","format":"standard","meta":{"footnotes":""},"categories":[6],"tags":[],"class_list":{"0":"post-27296","1":"post","2":"type-post","3":"status-publish","4":"format-standard","5":"has-post-thumbnail","7":"category-chaco"},"_links":{"self":[{"href":"https:\/\/chacosintesis.com.ar\/index.php\/wp-json\/wp\/v2\/posts\/27296","targetHints":{"allow":["GET"]}}],"collection":[{"href":"https:\/\/chacosintesis.com.ar\/index.php\/wp-json\/wp\/v2\/posts"}],"about":[{"href":"https:\/\/chacosintesis.com.ar\/index.php\/wp-json\/wp\/v2\/types\/post"}],"author":[{"embeddable":true,"href":"https:\/\/chacosintesis.com.ar\/index.php\/wp-json\/wp\/v2\/users\/1"}],"replies":[{"embeddable":true,"href":"https:\/\/chacosintesis.com.ar\/index.php\/wp-json\/wp\/v2\/comments?post=27296"}],"version-history":[{"count":0,"href":"https:\/\/chacosintesis.com.ar\/index.php\/wp-json\/wp\/v2\/posts\/27296\/revisions"}],"wp:featuredmedia":[{"embeddable":true,"href":"https:\/\/chacosintesis.com.ar\/index.php\/wp-json\/wp\/v2\/media\/27297"}],"wp:attachment":[{"href":"https:\/\/chacosintesis.com.ar\/index.php\/wp-json\/wp\/v2\/media?parent=27296"}],"wp:term":[{"taxonomy":"category","embeddable":true,"href":"https:\/\/chacosintesis.com.ar\/index.php\/wp-json\/wp\/v2\/categories?post=27296"},{"taxonomy":"post_tag","embeddable":true,"href":"https:\/\/chacosintesis.com.ar\/index.php\/wp-json\/wp\/v2\/tags?post=27296"}],"curies":[{"name":"wp","href":"https:\/\/api.w.org\/{rel}","templated":true}]}}