{"id":27294,"date":"2023-09-25T17:36:12","date_gmt":"2023-09-25T20:36:12","guid":{"rendered":"https:\/\/chacosintesis.com.ar\/?p=27294"},"modified":"2023-09-25T17:38:39","modified_gmt":"2023-09-25T20:38:39","slug":"chaco-firmo-un-convenio-por-energias-renovables-y-podra-generar-hasta-370-mw","status":"publish","type":"post","link":"https:\/\/chacosintesis.com.ar\/index.php\/chaco-firmo-un-convenio-por-energias-renovables-y-podra-generar-hasta-370-mw\/","title":{"rendered":"Chaco firm\u00f3 un convenio por energ\u00edas renovables y podr\u00e1 generar hasta 370 MW"},"content":{"rendered":"<div class=\"postie-post\">El vocero oficial Juan Manuel Chapo dio detalles sobre la Declaraci\u00f3n de G\u00fcemes rubricada este domingo en Salta entre el ministro de Econom\u00eda de la Naci\u00f3n y autoridades provinciales del Norte Grande. Tambi\u00e9n confirma que este martes se realizar\u00e1 la primera reuni\u00f3n de la transici\u00f3n entre gestiones.<br \/>\nEl vocero oficial Juan Manuel Chapo dio detalles este lunes sobre la firma del convenio entre el gobierno nacional y las diez provincias del Norte Grande para la puesta en marcha de inversiones para la generaci\u00f3n de energ\u00eda el\u00e9ctrica a trav\u00e9s del uso de fuentes renovables.<br \/>\nEl acuerdo, que se denomina Declaraci\u00f3n de G\u00fcemes y fue suscrito este domingo en Salta por el ministro de Econom\u00eda de la Naci\u00f3n, Sergio Massa, y autoridades del bloque regional, apunta al desarrollo de distintos proyectos.<br \/>\nEn el caso del Chaco y en base a la demanda energ\u00e9tica local, le corresponde un cupo de generaci\u00f3n de entre 350 y 370 MW, el segundo m\u00e1s elevado entre las diez provincias del Norte Grande.<br \/>\n\u201cEs un gran avance porque adem\u00e1s de avanzar en el horizonte de las energ\u00edas limpias y renovables, tambi\u00e9n habr\u00e1 un impacto positivo estimado en la creaci\u00f3n de unos 10 mil empleos en el sector\u201d, explic\u00f3 Chapo, en conferencia de prensa.<br \/>\nEl portavoz destac\u00f3 el trabajo realizado durante los \u00faltimos cuatro a\u00f1os por el gobernador Jorge Capitanich en cuanto a la reactivaci\u00f3n y el fortalecimiento del bloque regional y, particularmente, el impulso a la soberan\u00eda energ\u00e9tica y la baja en los costos para los usuarios residenciales e industriales.<br \/>\n\u201cEste convenio permitir\u00e1 modificar gran parte de la matriz de energ\u00eda del Norte Grande, un Norte Grande al que el gobernador Capitanich volvi\u00f3 a poner en la agenda nacional gracias a una mirada estrat\u00e9gica con visi\u00f3n de Estado\u201d, enfatiz\u00f3 el vocero.<br \/>\nChapo dijo que este es un logro basado en la \u201cmadurez pol\u00edtica\u201d de todos los gobernadores de la regi\u00f3n y del ministro Massa y que \u201cno debe detenerse porque es importante en t\u00e9rminos de desarrollo, de oportunidades y de empleo\u201d para miles de hombres y mujeres en esta parte del pa\u00eds.<br \/>\n\u201cEs relevante pensar en que se debe continuar con el compromiso de trabajar estos aspectos independientemente de las bander\u00edas pol\u00edticas y es una muestra clara de que cuando existen pol\u00edticas de Estado en la agenda p\u00fablica, el que se beneficia es el ciudadano\u201d, agreg\u00f3.<br \/>\nEl vocero indic\u00f3 que el gobierno nacional y las provincias del Norte Grande acceder\u00e1n a una inversi\u00f3n de USD2.500 millones a trav\u00e9s de financiamiento soberano por parte de la Rep\u00fablica Popular China.<br \/>\n\u201cSe potenciar\u00e1n proyectos en cada una de las diez jurisdicciones para la generaci\u00f3n de energ\u00edas limpias, en este caso mayormente fotovoltaica, lo que lo har\u00e1 m\u00e1s barata y de mayor accesibilidad para las y los usuarios\u201d, acot\u00f3.<br \/>\nPor \u00faltimo, el portavoz dijo que a partir de ahora estar\u00e1 en marcha el proceso de firma de acuerdos con cada provincia y sus respectivas empresas energ\u00e9ticas (Secheep en el caso del Chaco).<\/p>\n<p>Continuidad de la transici\u00f3n<br \/>\nEn otro orden de cosas, Chapo inform\u00f3 que este martes se llevar\u00e1 adelante la primera reuni\u00f3n enmarcada en el proceso de transici\u00f3n entre el gobierno saliente y la gesti\u00f3n que se har\u00e1 cargo de la Provincia desde el 10 de diciembre pr\u00f3ximo.<br \/>\nEl vocero indic\u00f3 que el encuentro -que tendr\u00e1 lugar en Casa de Gobierno desde las 18.30- estar\u00e1 encabezado por la vicegobernadora Anal\u00eda Rach Quiroga, quien estar\u00e1 al frente del equipo designado por el gobernador Capitanich.<br \/>\nTambi\u00e9n fueron nombrados los ministros Santiago P\u00e9rez Pons (Planificaci\u00f3n, Econom\u00eda e Infraestructura), Mar\u00eda P\u00eda Chiacchio Cavana (Desarrollo Social) y Juan Manuel Chapo (Gobierno); y la titular de la empresa Sameep, Noelia Canteros.<\/p><\/div>\n","protected":false},"excerpt":{"rendered":"<p>El vocero oficial Juan Manuel Chapo dio detalles sobre la Declaraci\u00f3n de G\u00fcemes rubricada este domingo en Salta entre el ministro de Econom\u00eda de la Naci\u00f3n y autoridades provinciales del Norte Grande. Tambi\u00e9n confirma que este martes se realizar\u00e1 la primera reuni\u00f3n de la transici\u00f3n entre gestiones. El vocero oficial Juan Manuel Chapo dio detalles [&hellip;]<\/p>\n","protected":false},"author":1,"featured_media":27295,"comment_status":"closed","ping_status":"closed","sticky":false,"template":"","format":"standard","meta":{"footnotes":""},"categories":[6],"tags":[],"class_list":{"0":"post-27294","1":"post","2":"type-post","3":"status-publish","4":"format-standard","5":"has-post-thumbnail","7":"category-chaco"},"_links":{"self":[{"href":"https:\/\/chacosintesis.com.ar\/index.php\/wp-json\/wp\/v2\/posts\/27294","targetHints":{"allow":["GET"]}}],"collection":[{"href":"https:\/\/chacosintesis.com.ar\/index.php\/wp-json\/wp\/v2\/posts"}],"about":[{"href":"https:\/\/chacosintesis.com.ar\/index.php\/wp-json\/wp\/v2\/types\/post"}],"author":[{"embeddable":true,"href":"https:\/\/chacosintesis.com.ar\/index.php\/wp-json\/wp\/v2\/users\/1"}],"replies":[{"embeddable":true,"href":"https:\/\/chacosintesis.com.ar\/index.php\/wp-json\/wp\/v2\/comments?post=27294"}],"version-history":[{"count":0,"href":"https:\/\/chacosintesis.com.ar\/index.php\/wp-json\/wp\/v2\/posts\/27294\/revisions"}],"wp:featuredmedia":[{"embeddable":true,"href":"https:\/\/chacosintesis.com.ar\/index.php\/wp-json\/wp\/v2\/media\/27295"}],"wp:attachment":[{"href":"https:\/\/chacosintesis.com.ar\/index.php\/wp-json\/wp\/v2\/media?parent=27294"}],"wp:term":[{"taxonomy":"category","embeddable":true,"href":"https:\/\/chacosintesis.com.ar\/index.php\/wp-json\/wp\/v2\/categories?post=27294"},{"taxonomy":"post_tag","embeddable":true,"href":"https:\/\/chacosintesis.com.ar\/index.php\/wp-json\/wp\/v2\/tags?post=27294"}],"curies":[{"name":"wp","href":"https:\/\/api.w.org\/{rel}","templated":true}]}}