{"id":27290,"date":"2023-09-25T17:25:59","date_gmt":"2023-09-25T20:25:59","guid":{"rendered":"https:\/\/chacosintesis.com.ar\/?p=27290"},"modified":"2023-09-25T17:38:30","modified_gmt":"2023-09-25T20:38:30","slug":"el-gobierno-entrego-10-viviendas-en-el-barrio-san-pedro-pescador","status":"publish","type":"post","link":"https:\/\/chacosintesis.com.ar\/index.php\/el-gobierno-entrego-10-viviendas-en-el-barrio-san-pedro-pescador\/","title":{"rendered":"El Gobierno entreg\u00f3 10 viviendas en el barrio San Pedro Pescador"},"content":{"rendered":"<div class=\"postie-post\">Fueron construidas a trav\u00e9s de un acuerdo entre el Ministerio de Ambiente y Desarrollo Territorial Sostenible, la municipalidad de Colonia Ben\u00edtez, el Instituto de Agricultura Familiar y Econom\u00eda Popular (IAFEP) y la comunidad.<br \/>\nEsta ma\u00f1ana, la vicegobernadora Anal\u00eda Rach Quiroga, junto a la ministra de Ambiente, Marta Soneira  y el intendente de Colonia Ben\u00edtez, Sergio Phipps hicieron entrega de 10 viviendas en el Barrio San Pedro Pescador.<br \/>\nCon una inversi\u00f3n de $70 millones, se trata de la primera etapa de viviendas construidas por cooperativa a trav\u00e9s del iafep para relocalizar familias del barrio y terminar el primer tramo de defensa del paran\u00e1 para el \u00c1rea Metropolitana del Gran Resistencia.<br \/>\nLa relocalizaci\u00f3n de las familias que se encontraban sobre el borde del r\u00edo permitir\u00e1 terminar la obra de defensa de San Pedro Pescador que se est\u00e1 ejecutando por el gobierno a trav\u00e9s de la Administraci\u00f3n Provincial del Agua, con financiamiento del fideicomiso de recursos h\u00eddricos.<br \/>\nEl proyecto plantea continuar con la construcci\u00f3n de 30 viviendas m\u00e1s para continuar con la segunda etapa de la defensa de San Pedro Pescador.<br \/>\nEn esta ocasi\u00f3n, la vicegobernadora Anal\u00eda Rach Quiroga manifest\u00f3: \u201cLa gesti\u00f3n que ha hecho nuestro gobernador Capitanich a lo largo de estos a\u00f1os, hace que puedan concretarse estas obras que viene a transformar y mejorar la calidad de vida\u201d. \u201cEs una de las muestras de todo lo que pudimos hacer a lo largo y ancho de la provincia\u201d.<br \/>\nAs\u00ed tambi\u00e9n, Rach Quiroga agradeci\u00f3 a la comunidad \u201cporque estos procesos no se podr\u00edan realizar si no tenemos la participaci\u00f3n comunitaria y el compromiso de la comunidad\u201d. \u201cTambi\u00e9n es el reflejo de c\u00f3mo ha trabajado este proyecto pol\u00edtico, con la impronta que le pone nuestro gobernador, de que siempre transitemos los procesos de esta manera, construyendo con la comunidad\u201d, destac\u00f3.<br \/>\nPor su parte, la ministra de Ambiente, Marta Soneira, coment\u00f3: \u201cEsto implic\u00f3 un acuerdo y la participaci\u00f3n del ministerio, con las 10 familias a relocalizar junto con el municipio de Colonia Ben\u00edtez, con el intendente Sergio Phipps\u201d. \u201cCon el IAFEP, a trav\u00e9s del sistema de construcci\u00f3n por cooperativas, se ha logrado la construcci\u00f3n de estas primeras 10 viviendas\u201d, remarc\u00f3.<br \/>\n\u201cVamos a trabajar el d\u00eda de hoy en la mudanza de cada familia, para que puedan venir a estas viviendas con todos los servicios como amerita cada una de ellas, para que est\u00e9n mejor y para que podamos culminar una obra en defensa de todos los ciudadanos y ciudadanas del \u00e1rea metropolitana\u201d, expres\u00f3.<\/p>\n<p>En este sentido, el intendente de Colonia Ben\u00edtez, Sergio Phipps destac\u00f3 que \u201cesto forma parte de un proceso que va a beneficiar a todas las familias del Barrio San Pedro Pescador\u201d. Asimismo, agradeci\u00f3 \u201cal gobierno de la provincia del Chaco y a todos los que hicieron posible que esto se concretara\u201d.<\/p><\/div>\n","protected":false},"excerpt":{"rendered":"<p>Fueron construidas a trav\u00e9s de un acuerdo entre el Ministerio de Ambiente y Desarrollo Territorial Sostenible, la municipalidad de Colonia Ben\u00edtez, el Instituto de Agricultura Familiar y Econom\u00eda Popular (IAFEP) y la comunidad. Esta ma\u00f1ana, la vicegobernadora Anal\u00eda Rach Quiroga, junto a la ministra de Ambiente, Marta Soneira y el intendente de Colonia Ben\u00edtez, Sergio [&hellip;]<\/p>\n","protected":false},"author":1,"featured_media":27291,"comment_status":"closed","ping_status":"closed","sticky":false,"template":"","format":"standard","meta":{"footnotes":""},"categories":[6],"tags":[],"class_list":{"0":"post-27290","1":"post","2":"type-post","3":"status-publish","4":"format-standard","5":"has-post-thumbnail","7":"category-chaco"},"_links":{"self":[{"href":"https:\/\/chacosintesis.com.ar\/index.php\/wp-json\/wp\/v2\/posts\/27290","targetHints":{"allow":["GET"]}}],"collection":[{"href":"https:\/\/chacosintesis.com.ar\/index.php\/wp-json\/wp\/v2\/posts"}],"about":[{"href":"https:\/\/chacosintesis.com.ar\/index.php\/wp-json\/wp\/v2\/types\/post"}],"author":[{"embeddable":true,"href":"https:\/\/chacosintesis.com.ar\/index.php\/wp-json\/wp\/v2\/users\/1"}],"replies":[{"embeddable":true,"href":"https:\/\/chacosintesis.com.ar\/index.php\/wp-json\/wp\/v2\/comments?post=27290"}],"version-history":[{"count":0,"href":"https:\/\/chacosintesis.com.ar\/index.php\/wp-json\/wp\/v2\/posts\/27290\/revisions"}],"wp:featuredmedia":[{"embeddable":true,"href":"https:\/\/chacosintesis.com.ar\/index.php\/wp-json\/wp\/v2\/media\/27291"}],"wp:attachment":[{"href":"https:\/\/chacosintesis.com.ar\/index.php\/wp-json\/wp\/v2\/media?parent=27290"}],"wp:term":[{"taxonomy":"category","embeddable":true,"href":"https:\/\/chacosintesis.com.ar\/index.php\/wp-json\/wp\/v2\/categories?post=27290"},{"taxonomy":"post_tag","embeddable":true,"href":"https:\/\/chacosintesis.com.ar\/index.php\/wp-json\/wp\/v2\/tags?post=27290"}],"curies":[{"name":"wp","href":"https:\/\/api.w.org\/{rel}","templated":true}]}}