{"id":27276,"date":"2023-09-25T17:04:51","date_gmt":"2023-09-25T20:04:51","guid":{"rendered":"https:\/\/chacosintesis.com.ar\/?p=27276"},"modified":"2023-09-25T17:07:08","modified_gmt":"2023-09-25T20:07:08","slug":"la-delegacion-chaquena-llego-a-mar-del-plata-para-participar-de-la-75-edicion-de-los-juegos-evita","status":"publish","type":"post","link":"https:\/\/chacosintesis.com.ar\/index.php\/la-delegacion-chaquena-llego-a-mar-del-plata-para-participar-de-la-75-edicion-de-los-juegos-evita\/","title":{"rendered":"La delegaci\u00f3n chaque\u00f1a lleg\u00f3 a Mar del Plata para participar de la 75\u00b0 edici\u00f3n de los Juegos Evita"},"content":{"rendered":"<div class=\"postie-post\">Los representantes partieron ayer a las 11 rumbo a la ciudad sede de la competencia, en donde buscar\u00e1n conseguir medallas en las diferentes disciplinas que re\u00fane este evento nacional.<br \/>\nLa delegaci\u00f3n chaque\u00f1a parti\u00f3 ayer a las 11 rumbo a Mar del Plata para disputar la 75\u00b0 edici\u00f3n de los Juegos Evita, donde competir\u00e1n por medallas ante las delegaciones de las dem\u00e1s provincias argentinas. Son m\u00e1s de 900 los chaque\u00f1os de diferentes localidades que se presentar\u00e1n en la actual edici\u00f3n. Antes del viaje, Chaco TV dialog\u00f3 con los representantes para preguntarles acerca de las ilusiones y expectativas que tienen de cara a esta experiencia.<br \/>\nEn este sentido, los deportistas del equipo de hockey dijeron: \u201cVa a ser una experiencia muy linda compartir. Pr\u00e1cticamente nos criamos juntos\u201d. Por su parte, desde el b\u00e1squet en silla de ruedas manifestaron: \u201cLa etapa previa fue de aprendizaje y tratamos de mejorar nuestros aspectos m\u00e1s fuertes. Hay muchas provincias fuertes, tenemos que encontrar el punto d\u00e9bil y salir adelante, pero especialmente divertirnos\u201d.<br \/>\nAsimismo, los profesores y representantes a cargo de cada disciplina destacaron la importancia de este tipo de evento. \u201cEs una gran posibilidad para que ellos puedan mostrarse y que vean de lo que son capaces los chicos del Chaco\u201d, se\u00f1al\u00f3 uno de los encargados del equipo de karate, quien adem\u00e1s agreg\u00f3: \u201cEst\u00e1n motivados y los vemos bien a los chicos. Es muy importante el nivel que hay, los arbitrajes, el puntaje y el reglamento es muy bueno\u201d. Por su parte, otro de los encargados expres\u00f3: \u201cEst\u00e1n con ganas y con muchos \u00e1nimos de competir. As\u00ed que vamos a ver qu\u00e9 es lo que sale y espero que traigamos alg\u00fan podio con los chicos\u201d.<\/div>\n","protected":false},"excerpt":{"rendered":"<p>Los representantes partieron ayer a las 11 rumbo a la ciudad sede de la competencia, en donde buscar\u00e1n conseguir medallas en las diferentes disciplinas que re\u00fane este evento nacional. La delegaci\u00f3n chaque\u00f1a parti\u00f3 ayer a las 11 rumbo a Mar del Plata para disputar la 75\u00b0 edici\u00f3n de los Juegos Evita, donde competir\u00e1n por medallas [&hellip;]<\/p>\n","protected":false},"author":1,"featured_media":27277,"comment_status":"closed","ping_status":"closed","sticky":false,"template":"","format":"standard","meta":{"footnotes":""},"categories":[6],"tags":[],"class_list":{"0":"post-27276","1":"post","2":"type-post","3":"status-publish","4":"format-standard","5":"has-post-thumbnail","7":"category-chaco"},"_links":{"self":[{"href":"https:\/\/chacosintesis.com.ar\/index.php\/wp-json\/wp\/v2\/posts\/27276","targetHints":{"allow":["GET"]}}],"collection":[{"href":"https:\/\/chacosintesis.com.ar\/index.php\/wp-json\/wp\/v2\/posts"}],"about":[{"href":"https:\/\/chacosintesis.com.ar\/index.php\/wp-json\/wp\/v2\/types\/post"}],"author":[{"embeddable":true,"href":"https:\/\/chacosintesis.com.ar\/index.php\/wp-json\/wp\/v2\/users\/1"}],"replies":[{"embeddable":true,"href":"https:\/\/chacosintesis.com.ar\/index.php\/wp-json\/wp\/v2\/comments?post=27276"}],"version-history":[{"count":0,"href":"https:\/\/chacosintesis.com.ar\/index.php\/wp-json\/wp\/v2\/posts\/27276\/revisions"}],"wp:featuredmedia":[{"embeddable":true,"href":"https:\/\/chacosintesis.com.ar\/index.php\/wp-json\/wp\/v2\/media\/27277"}],"wp:attachment":[{"href":"https:\/\/chacosintesis.com.ar\/index.php\/wp-json\/wp\/v2\/media?parent=27276"}],"wp:term":[{"taxonomy":"category","embeddable":true,"href":"https:\/\/chacosintesis.com.ar\/index.php\/wp-json\/wp\/v2\/categories?post=27276"},{"taxonomy":"post_tag","embeddable":true,"href":"https:\/\/chacosintesis.com.ar\/index.php\/wp-json\/wp\/v2\/tags?post=27276"}],"curies":[{"name":"wp","href":"https:\/\/api.w.org\/{rel}","templated":true}]}}