{"id":27270,"date":"2023-09-25T17:01:02","date_gmt":"2023-09-25T20:01:02","guid":{"rendered":"https:\/\/chacosintesis.com.ar\/?p=27270"},"modified":"2023-09-25T17:06:52","modified_gmt":"2023-09-25T20:06:52","slug":"la-biblioteca-legislativa-continua-las-celebraciones-por-sus-64-anos-de-vida-institucional","status":"publish","type":"post","link":"https:\/\/chacosintesis.com.ar\/index.php\/la-biblioteca-legislativa-continua-las-celebraciones-por-sus-64-anos-de-vida-institucional\/","title":{"rendered":"La Biblioteca Legislativa contin\u00faa las celebraciones por sus 64 a\u00f1os de vida institucional"},"content":{"rendered":"<div class=\"postie-post\">En la fecha, tambi\u00e9n cumple su 27\u00b0 aniversario de la imposici\u00f3n del nombre \u201cRam\u00f3n de las Mercedes Tissera\u201d.<br \/>\nEste lunes, la Biblioteca Legislativa \u201cRam\u00f3n de las Mercedes Tissera\u201d contin\u00faa la celebraci\u00f3n de 64 a\u00f1os de vida institucional y 27 de la imposici\u00f3n de su nombre, con un trabajo incansable para distribuir contenidos diversos a toda la comunidad de la provincia del Chaco.<br \/>\n\u201cEn este d\u00eda, nuestro prop\u00f3sito es rendirle un homenaje a nuestro patrono Ram\u00f3n de las Mercedes Tissera, que fue un pol\u00edtico, escritor, investigador, periodista, se desempe\u00f1\u00f3 en diarios locales y nacionales. Ese es el sentido de este acto, y tenemos la oportunidad de contar con algunos de sus familiares\u201d, cont\u00f3 la directora de la biblioteca, Marta Menjoulet, en comunicaci\u00f3n con Radio Provincia del Chaco.<br \/>\nEn recuerdo, la directora cont\u00f3 que \u201caquella biblioteca que organiz\u00f3 en su momento Tissera, que ten\u00eda como finalidad asistir a los legisladores en la tarea legislativa, en el a\u00f1o 1962 se abre al p\u00fablico para que todo ese acervo bibliogr\u00e1fico no se pierda\u201d.<br \/>\nA su vez, explic\u00f3 que \u201cnuestras colecciones est\u00e1n basadas en el derecho y la econom\u00eda, y ante una presentaci\u00f3n del Colegio de Abogados y el Ateneo, se abri\u00f3 ese caudal bibliogr\u00e1fico\u201d. \u201cHoy, estamos incursionando en la transformaci\u00f3n de las nuevas tecnolog\u00edas aunque todav\u00eda no consideramos las bibliotecas h\u00edbridas de material impreso y caudal digital\u201d, concluy\u00f3.<br \/>\nEn las actividades, este lunes 25 a las 11 en la Sala de Lectura se realizar\u00e1 la apertura de la exposici\u00f3n de esculturas y pinturas de artistas locales y su cierre ser\u00e1 el lunes 2 de octubre  a las 11 con entrega de certificados. Tambi\u00e9n durante las jornadas se presentar\u00e1n n\u00fameros art\u00edsticos a cargo del cantor Jorge Acu\u00f1a, presentaci\u00f3n del Ballet de la Biblioteca Legislativa y Grupo Infantil Luz Argentina.<\/div>\n","protected":false},"excerpt":{"rendered":"<p>En la fecha, tambi\u00e9n cumple su 27\u00b0 aniversario de la imposici\u00f3n del nombre \u201cRam\u00f3n de las Mercedes Tissera\u201d. Este lunes, la Biblioteca Legislativa \u201cRam\u00f3n de las Mercedes Tissera\u201d contin\u00faa la celebraci\u00f3n de 64 a\u00f1os de vida institucional y 27 de la imposici\u00f3n de su nombre, con un trabajo incansable para distribuir contenidos diversos a toda [&hellip;]<\/p>\n","protected":false},"author":1,"featured_media":27271,"comment_status":"closed","ping_status":"closed","sticky":false,"template":"","format":"standard","meta":{"footnotes":""},"categories":[6],"tags":[],"class_list":{"0":"post-27270","1":"post","2":"type-post","3":"status-publish","4":"format-standard","5":"has-post-thumbnail","7":"category-chaco"},"_links":{"self":[{"href":"https:\/\/chacosintesis.com.ar\/index.php\/wp-json\/wp\/v2\/posts\/27270","targetHints":{"allow":["GET"]}}],"collection":[{"href":"https:\/\/chacosintesis.com.ar\/index.php\/wp-json\/wp\/v2\/posts"}],"about":[{"href":"https:\/\/chacosintesis.com.ar\/index.php\/wp-json\/wp\/v2\/types\/post"}],"author":[{"embeddable":true,"href":"https:\/\/chacosintesis.com.ar\/index.php\/wp-json\/wp\/v2\/users\/1"}],"replies":[{"embeddable":true,"href":"https:\/\/chacosintesis.com.ar\/index.php\/wp-json\/wp\/v2\/comments?post=27270"}],"version-history":[{"count":0,"href":"https:\/\/chacosintesis.com.ar\/index.php\/wp-json\/wp\/v2\/posts\/27270\/revisions"}],"wp:featuredmedia":[{"embeddable":true,"href":"https:\/\/chacosintesis.com.ar\/index.php\/wp-json\/wp\/v2\/media\/27271"}],"wp:attachment":[{"href":"https:\/\/chacosintesis.com.ar\/index.php\/wp-json\/wp\/v2\/media?parent=27270"}],"wp:term":[{"taxonomy":"category","embeddable":true,"href":"https:\/\/chacosintesis.com.ar\/index.php\/wp-json\/wp\/v2\/categories?post=27270"},{"taxonomy":"post_tag","embeddable":true,"href":"https:\/\/chacosintesis.com.ar\/index.php\/wp-json\/wp\/v2\/tags?post=27270"}],"curies":[{"name":"wp","href":"https:\/\/api.w.org\/{rel}","templated":true}]}}