{"id":27268,"date":"2023-09-25T10:13:54","date_gmt":"2023-09-25T13:13:54","guid":{"rendered":"https:\/\/chacosintesis.com.ar\/?p=27268"},"modified":"2023-09-25T10:37:41","modified_gmt":"2023-09-25T13:37:41","slug":"siniestros-viales-dejan-dos-muertos-el-fin-de-semana","status":"publish","type":"post","link":"https:\/\/chacosintesis.com.ar\/index.php\/siniestros-viales-dejan-dos-muertos-el-fin-de-semana\/","title":{"rendered":"Siniestros viales dejan dos muertos el fin de semana"},"content":{"rendered":"<div class=\"postie-post\">El personal de la Comisar\u00eda de Eva Per\u00f3n intervino en un siniestro vial en el que participaron dos veh\u00edculos. Una persona falleci\u00f3 en el lugar.<br \/>\nCerca de las 6.10 del s\u00e1bado, los agentes acudieron hacia la ruta nacional 11, a la altura del kil\u00f3metro 1100, donde los part\u00edcipes del siniestro fueron un cami\u00f3n Ford Cargo, conducido por un joven de 36 a\u00f1os, y un Volkswagen Suran, guiado por una mujer de 47 a\u00f1os, acompa\u00f1ada por Gambino Caba\u00f1a de 53, quien falleci\u00f3 tras el impacto.<br \/>\nLa conductora fue trasladada para mejor control al hospital Julio C. Perrando con un diagn\u00f3stico de &#8220;lesiones leves&#8221;. Finalmente, se hicieron presente personal de Gabinete Cient\u00edfico y Divisi\u00f3n Bombero en m\u00f3vil Tanatol\u00f3gico, que trasladaron el cuerpo de Caba\u00f1a.<br \/>\nMOTOCICLISTA MUERE EN LA RUTA 11, COLECTORA ISRAEL<br \/>\nEste domingo, alrededor de las 10, los agentes de la comisar\u00eda Cuarta de Resistencia fueron alertados sobre un siniestro vial sobre la ruta nacional 11.<br \/>\nAl llegar al lugar, m\u00e1s precisamente en Colectora Israel, kil\u00f3metro 1000,5, observaron sobre la cinta asf\u00e1ltica el cuerpo de una persona y cercano a este una motocicleta Honda C-90. La v\u00edctima fue identificada como Carlos Leonardo Cabrera, de 33 a\u00f1os.<br \/>\nDe inmediato, dieron intervenci\u00f3n al personal m\u00e9dico, quienes constataron que el hombre se encontraba sin vida. Intervino la fiscal\u00eda de Investigaci\u00f3n Penal 10 a cargo de Lilian Beatriz Irala, quien dispuso la intervenci\u00f3n a Divisi\u00f3n Criminal\u00edstica a los fines de determinar los pormenores del hecho, como as\u00ed tambi\u00e9n del m\u00e9dico policial de turno.<br \/>\nPor \u00faltimo, el m\u00f3vil tanatol\u00f3gico de la Divisi\u00f3n Bomberos colabor\u00f3 con el traslado del cuerpo hacia la morgue judicial.<\/div>\n","protected":false},"excerpt":{"rendered":"<p>El personal de la Comisar\u00eda de Eva Per\u00f3n intervino en un siniestro vial en el que participaron dos veh\u00edculos. Una persona falleci\u00f3 en el lugar. Cerca de las 6.10 del s\u00e1bado, los agentes acudieron hacia la ruta nacional 11, a la altura del kil\u00f3metro 1100, donde los part\u00edcipes del siniestro fueron un cami\u00f3n Ford Cargo, [&hellip;]<\/p>\n","protected":false},"author":1,"featured_media":27269,"comment_status":"closed","ping_status":"closed","sticky":false,"template":"","format":"standard","meta":{"footnotes":""},"categories":[6],"tags":[],"class_list":{"0":"post-27268","1":"post","2":"type-post","3":"status-publish","4":"format-standard","5":"has-post-thumbnail","7":"category-chaco"},"_links":{"self":[{"href":"https:\/\/chacosintesis.com.ar\/index.php\/wp-json\/wp\/v2\/posts\/27268","targetHints":{"allow":["GET"]}}],"collection":[{"href":"https:\/\/chacosintesis.com.ar\/index.php\/wp-json\/wp\/v2\/posts"}],"about":[{"href":"https:\/\/chacosintesis.com.ar\/index.php\/wp-json\/wp\/v2\/types\/post"}],"author":[{"embeddable":true,"href":"https:\/\/chacosintesis.com.ar\/index.php\/wp-json\/wp\/v2\/users\/1"}],"replies":[{"embeddable":true,"href":"https:\/\/chacosintesis.com.ar\/index.php\/wp-json\/wp\/v2\/comments?post=27268"}],"version-history":[{"count":0,"href":"https:\/\/chacosintesis.com.ar\/index.php\/wp-json\/wp\/v2\/posts\/27268\/revisions"}],"wp:featuredmedia":[{"embeddable":true,"href":"https:\/\/chacosintesis.com.ar\/index.php\/wp-json\/wp\/v2\/media\/27269"}],"wp:attachment":[{"href":"https:\/\/chacosintesis.com.ar\/index.php\/wp-json\/wp\/v2\/media?parent=27268"}],"wp:term":[{"taxonomy":"category","embeddable":true,"href":"https:\/\/chacosintesis.com.ar\/index.php\/wp-json\/wp\/v2\/categories?post=27268"},{"taxonomy":"post_tag","embeddable":true,"href":"https:\/\/chacosintesis.com.ar\/index.php\/wp-json\/wp\/v2\/tags?post=27268"}],"curies":[{"name":"wp","href":"https:\/\/api.w.org\/{rel}","templated":true}]}}