{"id":27252,"date":"2023-09-23T23:21:47","date_gmt":"2023-09-24T02:21:47","guid":{"rendered":"https:\/\/chacosintesis.com.ar\/?p=27252"},"modified":"2023-09-23T23:37:51","modified_gmt":"2023-09-24T02:37:51","slug":"mujeres-y-diversidades-marcharan-por-sus-derechos-y-contra-las-derechas","status":"publish","type":"post","link":"https:\/\/chacosintesis.com.ar\/index.php\/mujeres-y-diversidades-marcharan-por-sus-derechos-y-contra-las-derechas\/","title":{"rendered":"Mujeres y diversidades marchar\u00e1n por sus derechos y &#8220;contra las derechas&#8221;"},"content":{"rendered":"<div class=\"postie-post\">Habr\u00e1 actividades en todo el pa\u00eds. En Resistencia, la concentraci\u00f3n est\u00e1 convocada para la tarde del jueves 28 en la intersecci\u00f3n de las avenidas 9 de Julio y V\u00e9lez Sarsfield. Adem\u00e1s, la organizaci\u00f3n Mumala propone otras actividades.<br \/>\nMujeres, diversidades, activistas independientes y organizadas saldr\u00e1n a las calles el pr\u00f3ximo jueves 28 de septiembre (28S) para participar de una movilizaci\u00f3n con foco en la Ciudad de Buenos Aires y r\u00e9plicas a lo largo del pa\u00eds &#8220;por el aborto seguro y gratuito, por la ESI y por vidas dignas&#8221;, &#8220;contra las derechas, el ajuste y el Fondo Monetario Internacional (FMI)&#8221;, y bajo el grito &#8220;la libertad es nuestra&#8221;.<br \/>\nEn Resistencia, desde el colectivo Ni Una Menos, convocaron a concentrarse el jueves 28 desde las 17 en la intersecci\u00f3n de las avenidas 9 de Julio y V\u00e9lez Sarsfield. Adem\u00e1s, MuMaLa Chaco realizar\u00e1 el martes 26 debates, intervenciones art\u00edsticas y talleres en la Plaza Espa\u00f1a, a las 17, y el d\u00eda 28 se unir\u00e1 a las marchas en todo el pa\u00eds.<br \/>\n&#8220;Tenemos un punto de acuerdo y es que la posibilidad de que la derecha o la ultraderecha gobierne este pa\u00eds significar\u00eda la p\u00e9rdida de much\u00edsimos derechos y un empeoramiento de la vida de much\u00edsimas mujeres, lesbianas, travestis y trans de nuestro pa\u00eds&#8221;, comparti\u00f3 a T\u00e9lam Luci Cavallero, integrante del colectivo Ni Una Menos.<br \/>\nLa movilizaci\u00f3n, que se prev\u00e9 multitudinaria, est\u00e1 convocada para las 16 del jueves 28 desde Plaza de Mayo hasta el Congreso (CABA), con r\u00e9plicas en las provincias.<br \/>\nA partir de un proceso asambleario convocado luego de los resultados de las elecciones primarias, los feminismos consensuaron salir a las calles el 28S, D\u00eda de Acci\u00f3n Global por el Acceso al Aborto Legal y Seguro<br \/>\n&#8220;Los reclamos tienen que ver por supuesto con la defensa de derechos muy importantes para el movimiento feminista como el acceso al aborto, pero tambi\u00e9n la educaci\u00f3n sexual integral, la escuela p\u00fablica, las jubilaciones y las moratorias&#8221;, indic\u00f3 Cavallero.<br \/>\nAdem\u00e1s, por &#8220;una agenda pendiente&#8221;, como &#8220;el reconocimiento del trabajo no remunerado, la Ley de cuidados, el reconocimiento del trabajo comunitario, por mayor presupuesto para atender a las violencias y el acceso a la vivienda&#8221;.<br \/>\nQuienes convocan tambi\u00e9n hicieron \u00e9nfasis en reivindicar el concepto de libertad. &#8220;La libertad no se puede pensar como libertad individual porque est\u00e1 asociada a derechos que nos hacen posible ejercer esa libertad&#8221;, sostuvo Cavallero.<br \/>\nEn este sentido, durante las \u00faltimas semanas se difundieron carteles en las redes sociales y las calles con frases como &#8220;Libertad es que tu vieja haya podido jubilarse&#8221; o &#8220;Libertad es que el 80% de las infancias que sufrieron abusos pudieron contarlo gracias a la ESI&#8221;.<\/p>\n<p>Volver a mostrar el pa\u00f1uelo<\/p>\n<p>Desde la organizaci\u00f3n Cat\u00f3licas por el Derecho a Decidir sumar\u00e1n sus voces a las convocatorias que se gestaron en las provincias e invitan &#8220;a todas las que nos encontramos en las calles en el 2018 y en el 2020 a volver a mostrar su pa\u00f1uelo, volver a reconocernos en las calles, de donde nunca nos fuimos&#8221;.<br \/>\n&#8220;La respuesta a las expresiones violentas y al recrudecimiento de los discursos fundamentalistas y neofascistas debe ser una vez m\u00e1s nuestra pr\u00e1ctica como ejemplo de convivencia pac\u00edfica, inclusiva, alegre y esperanzada&#8221;, asegur\u00f3 a T\u00e9lam Pate Palero, directora de la organizaci\u00f3n.<br \/>\nPara este colectivo, &#8220;los feminismos han sido un pilar fundamental para la democracia argentina&#8221; por ser &#8220;un movimiento plural, federal y participativo, que consolid\u00f3 herramientas jur\u00eddicas para ampliar derechos a la sociedad y para reducir las brechas de desigualdades&#8221;.<br \/>\nSin embargo, advirtieron que &#8220;los sectores concentrados de poder, conscientes de la potencia de los movimientos populares, han coordinado estrategias con el poder judicial, los medios de comunicaci\u00f3n monop\u00f3licos y los capitales financieros para vaciar de contenido el discurso de los Derechos humanos y estigmatizar el activismo social en general y a los feminismos&#8221;.<br \/>\nM\u00f3nica Santino, directora t\u00e9cnica y parte de La Nuestra F\u00fatbol Feminista, el equipo que entrena en el Barrio Carlos Mugica (exVilla 31), consider\u00f3 a esta movilizaci\u00f3n &#8220;necesaria&#8221; para los feminismos populares.<br \/>\n&#8220;Necesitamos recuperar la calle, volver a sentir que somos esa marea que supo disputar sentidos en las calles en relaci\u00f3n a la despenalizaci\u00f3n del aborto. Este 28S marcho porque soy feminista, argentina y porque estoy muy preocupada ante el panorama social y pol\u00edtico. Marcho porque tengo historia y porque no queremos retroceder ni un solo paso&#8221;, expres\u00f3.<\/p>\n<p>Convocatoria de Mumala: \u201cEn lucha, ni un paso atr\u00e1s\u201d<\/p>\n<p>Las Mujeres de la Matria Latinoamericana junto a Libres y Diverses llevar\u00e1n adelante, el pr\u00f3ximo 26 de septiembre en todo el pa\u00eds, la jornada nacional \u201cEn lucha #NiUnPasoAtr\u00e1s Ni Milei Ni Bullrich&#8221;. Asimismo, el 28 integrar\u00e1n junto al movimiento de mujeres y diversidades sexuales de la Argentina, las iniciativas en defensa del aborto seguro, legal y gratuito, de la Educaci\u00f3n Sexual Integral (ESI), contra las derechas, el ajuste y el Fondo Monetario Internacional (FMI).<br \/>\nEl 26 se desarrollar\u00e1n mesas de difusi\u00f3n, radios abiertas, talleres en plazas y otros espacios p\u00fablicos invitando a \u201cser protagonistas en la defensa de los derechos ganados y a la lucha por todo el camino que a\u00fan falta para vivir libres, dignas y sin miedo\u201d, as\u00ed como a \u201cponer un alto e impedir que lleguen al gobierno quienes s\u00f3lo beneficiar\u00e1n a unos pocos, que defender\u00e1n a quienes m\u00e1s tienen, a los grupos concentrados de poder de la Argentina\u201d.<br \/>\nEn Resistencia, desde MuMaLa Chaco realizar\u00e1n debates, intervenciones art\u00edsticas y talleres en la Plaza Espa\u00f1a a las 17. Paula Ojeda, coordinadora provincial, expres\u00f3: \u201cLas mujeres y disidencias sexuales y de g\u00e9nero seguimos plant\u00e1ndonos contra la derecha que no hace m\u00e1s que avasallar con los derechos ganados, con las conquistas del movimiento feminista y disidente\u201d<br \/>\n\u201cSomos las defensoras de la democracia, de nuestros derechos y no damos ni un paso atr\u00e1s ante lo conquistado. Necesitamos un Estado presente y fuerte: nosotras y nosotros lo venimos a defender y esperamos que toda la comunidad se acerque este martes a la plaza a participar de esta jornada que se llevar\u00e1 adelante en todo el pa\u00eds\u201d, agreg\u00f3.<br \/>\nPor su parte la vocera nacional, Victoria Aguirre afirm\u00f3: \u201cEl 22 de octubre votamos, elegiremos el rumbo de nuestra Argentina. Las mujeres y diversidades sexuales queremos que se multiplique la posibilidad de ir a la escuela y a la universidad; que el centro de salud de nuestro barrio y el hospital dispongan de los profesionales que necesitamos; que el trabajo sea digno, reconocido y para todos. Queremos seguir decidiendo sobre nuestros cuerpos, sobre nuestra identidad; contar con espacios seguros y confiables donde expresar las violencias que atravesamos siendo ni\u00f1os, adolescentes o adultos\u201d. \u201cEs decir, queremos un pa\u00eds con un Estado fuerte, eficiente, que construya las oportunidades que nos brinden autonom\u00eda econ\u00f3mica para salir de las desigualdades que atravesamos por motivos de g\u00e9nero; que intervenga con medidas concretas para frenar la inflaci\u00f3n, porque a nosotras y a nosotres nos mata el machismo y nos golpea la pobreza\u201d, acot\u00f3.<br \/>\nPara finalizar, desde la organizaci\u00f3n sentenciaron: \u201cEn las calles y en las urnas En lucha #NiUnPasoAtr\u00e1s y por todo lo que falta \u00a1Ni Milei Ni Bullrich!\u201d, ser\u00e1n las consignas que movilizar\u00e1n las Mumal\u00e1 y Libres y Diverses en las provincias argentinas el pr\u00f3ximo 26 y 28 de septiembre.<\/p><\/div>\n","protected":false},"excerpt":{"rendered":"<p>Habr\u00e1 actividades en todo el pa\u00eds. En Resistencia, la concentraci\u00f3n est\u00e1 convocada para la tarde del jueves 28 en la intersecci\u00f3n de las avenidas 9 de Julio y V\u00e9lez Sarsfield. Adem\u00e1s, la organizaci\u00f3n Mumala propone otras actividades. Mujeres, diversidades, activistas independientes y organizadas saldr\u00e1n a las calles el pr\u00f3ximo jueves 28 de septiembre (28S) para [&hellip;]<\/p>\n","protected":false},"author":1,"featured_media":27253,"comment_status":"closed","ping_status":"closed","sticky":false,"template":"","format":"standard","meta":{"footnotes":""},"categories":[6],"tags":[],"class_list":{"0":"post-27252","1":"post","2":"type-post","3":"status-publish","4":"format-standard","5":"has-post-thumbnail","7":"category-chaco"},"_links":{"self":[{"href":"https:\/\/chacosintesis.com.ar\/index.php\/wp-json\/wp\/v2\/posts\/27252","targetHints":{"allow":["GET"]}}],"collection":[{"href":"https:\/\/chacosintesis.com.ar\/index.php\/wp-json\/wp\/v2\/posts"}],"about":[{"href":"https:\/\/chacosintesis.com.ar\/index.php\/wp-json\/wp\/v2\/types\/post"}],"author":[{"embeddable":true,"href":"https:\/\/chacosintesis.com.ar\/index.php\/wp-json\/wp\/v2\/users\/1"}],"replies":[{"embeddable":true,"href":"https:\/\/chacosintesis.com.ar\/index.php\/wp-json\/wp\/v2\/comments?post=27252"}],"version-history":[{"count":0,"href":"https:\/\/chacosintesis.com.ar\/index.php\/wp-json\/wp\/v2\/posts\/27252\/revisions"}],"wp:featuredmedia":[{"embeddable":true,"href":"https:\/\/chacosintesis.com.ar\/index.php\/wp-json\/wp\/v2\/media\/27253"}],"wp:attachment":[{"href":"https:\/\/chacosintesis.com.ar\/index.php\/wp-json\/wp\/v2\/media?parent=27252"}],"wp:term":[{"taxonomy":"category","embeddable":true,"href":"https:\/\/chacosintesis.com.ar\/index.php\/wp-json\/wp\/v2\/categories?post=27252"},{"taxonomy":"post_tag","embeddable":true,"href":"https:\/\/chacosintesis.com.ar\/index.php\/wp-json\/wp\/v2\/tags?post=27252"}],"curies":[{"name":"wp","href":"https:\/\/api.w.org\/{rel}","templated":true}]}}