{"id":27250,"date":"2023-09-23T23:18:12","date_gmt":"2023-09-24T02:18:12","guid":{"rendered":"https:\/\/chacosintesis.com.ar\/?p=27250"},"modified":"2023-09-23T23:37:43","modified_gmt":"2023-09-24T02:37:43","slug":"la-escondida-volvera-a-votar-en-una-sola-mesa-para-candidatos-a-intendente-y-concejales","status":"publish","type":"post","link":"https:\/\/chacosintesis.com.ar\/index.php\/la-escondida-volvera-a-votar-en-una-sola-mesa-para-candidatos-a-intendente-y-concejales\/","title":{"rendered":"La Escondida volver\u00e1 a votar en una sola mesa para candidatos a intendente y concejales"},"content":{"rendered":"<div class=\"postie-post\">Luego de un pedido del Frente Chaque\u00f1o por diferencias en las actas presentadas, el organismo dio lugar y se prev\u00e9 que los empadronados en la mesa 1.183 deber\u00e1n acudir nuevamente a las urnas.<br \/>\nA trav\u00e9s de la Resoluci\u00f3n 226\/23 emitida este \u00faltimo viernes por el Tribunal Electoral de la provincia, se decidi\u00f3 que la localidad de La Escondida deber\u00e1 realizar nuevamente elecciones en la mesa N\u00b0 1.183 del circuito 40 para definir candidaturas a la Intendencia y Concejal\u00edas, anulando lo concretado el \u00faltimo domingo 17 de septiembre.<br \/>\nEn su medida oficial, el organismo plante\u00f3 \u201canular la elecci\u00f3n de la mesa 1183 circuito 40 de La Escondida, y dispone la realizaci\u00f3n de elecciones complementarias para intendente y concejales\u201d, y requirieron al Poder Ejecutivo Municipal \u201cconvoque a las y los electores de la mesa a elegir candidatos para las categor\u00edas\u201d.<br \/>\nEsta situaci\u00f3n se origin\u00f3 luego de un reclamo del Frente Chaque\u00f1o, quienes en marco del escrutinio definitivo detectaron diferencias entre las actas confeccionadas por las autoridades de mesa y los certificados de los fiscales del Nuevo Espacio de Participaci\u00f3n (Nepar) y de Juntos por el Cambio\u201d, argumentando que se encontraban &#8220;invertidos los guarismos en las categor\u00edas intendente y concejales del Frente Chaque\u00f1o y Juntos por el Cambio&#8221;.<br \/>\nEn su explicaci\u00f3n, el Tribunal Electoral indic\u00f3 que teniendo en cuenta la votaci\u00f3n es &#8220;un derecho humano fundamental y que la ra\u00edz de todo sistema democr\u00e1tico es el sufragio&#8221;, se habilit\u00f3 el recuento de votos en caso de errores y se procedi\u00f3 a la apertura de la urna. Una vez abierta la de la mesa 1183, \u201cno fue posible determinar cu\u00e1les fueron votos efectivamente emitidos y cuales no fueron utilizadas (boletas) ya que se enviaron dentro de la caja sin discriminaci\u00f3n alguna, como as\u00ed tambi\u00e9n falta de coincidencia entre los sobres usados (264) y cantidad de electores conforme al padr\u00f3n sufragaron 284, presenta una diferencia de 20 sobres menos\u201d.<br \/>\nDada esta medida, desde el Nepar adelantaron que apelar\u00e1n esta decisi\u00f3n. D\u00edas atr\u00e1s, el principal representante del partido, Juan Jos\u00e9 Bergia, sostuvo en una entrevista con Radio Provincia del Chaco que su candidato por la Intendencia, Alfredo Caballero, obtuvo \u201cuna victoria ajustada\u201d de 29 votos.<br \/>\nEn contrapartida, el apoderado del Frente Chaque\u00f1o, Jorge Alcantara, encargado de la presentaci\u00f3n ante el Tribunal, declar\u00f3 tambi\u00e9n en Radio Provincia del Chaco que \u201cse hab\u00edan cargado invertidos los votos\u201d, y se\u00f1al\u00f3 que la falta de 20 votos en la apertura de la urna consignaba \u201cuna falta grav\u00edsima\u201d.<\/div>\n","protected":false},"excerpt":{"rendered":"<p>Luego de un pedido del Frente Chaque\u00f1o por diferencias en las actas presentadas, el organismo dio lugar y se prev\u00e9 que los empadronados en la mesa 1.183 deber\u00e1n acudir nuevamente a las urnas. A trav\u00e9s de la Resoluci\u00f3n 226\/23 emitida este \u00faltimo viernes por el Tribunal Electoral de la provincia, se decidi\u00f3 que la localidad [&hellip;]<\/p>\n","protected":false},"author":1,"featured_media":27251,"comment_status":"closed","ping_status":"closed","sticky":false,"template":"","format":"standard","meta":{"footnotes":""},"categories":[6],"tags":[],"class_list":{"0":"post-27250","1":"post","2":"type-post","3":"status-publish","4":"format-standard","5":"has-post-thumbnail","7":"category-chaco"},"_links":{"self":[{"href":"https:\/\/chacosintesis.com.ar\/index.php\/wp-json\/wp\/v2\/posts\/27250","targetHints":{"allow":["GET"]}}],"collection":[{"href":"https:\/\/chacosintesis.com.ar\/index.php\/wp-json\/wp\/v2\/posts"}],"about":[{"href":"https:\/\/chacosintesis.com.ar\/index.php\/wp-json\/wp\/v2\/types\/post"}],"author":[{"embeddable":true,"href":"https:\/\/chacosintesis.com.ar\/index.php\/wp-json\/wp\/v2\/users\/1"}],"replies":[{"embeddable":true,"href":"https:\/\/chacosintesis.com.ar\/index.php\/wp-json\/wp\/v2\/comments?post=27250"}],"version-history":[{"count":0,"href":"https:\/\/chacosintesis.com.ar\/index.php\/wp-json\/wp\/v2\/posts\/27250\/revisions"}],"wp:featuredmedia":[{"embeddable":true,"href":"https:\/\/chacosintesis.com.ar\/index.php\/wp-json\/wp\/v2\/media\/27251"}],"wp:attachment":[{"href":"https:\/\/chacosintesis.com.ar\/index.php\/wp-json\/wp\/v2\/media?parent=27250"}],"wp:term":[{"taxonomy":"category","embeddable":true,"href":"https:\/\/chacosintesis.com.ar\/index.php\/wp-json\/wp\/v2\/categories?post=27250"},{"taxonomy":"post_tag","embeddable":true,"href":"https:\/\/chacosintesis.com.ar\/index.php\/wp-json\/wp\/v2\/tags?post=27250"}],"curies":[{"name":"wp","href":"https:\/\/api.w.org\/{rel}","templated":true}]}}