{"id":27242,"date":"2023-09-23T22:29:14","date_gmt":"2023-09-24T01:29:14","guid":{"rendered":"https:\/\/chacosintesis.com.ar\/?p=27242"},"modified":"2023-09-23T22:36:57","modified_gmt":"2023-09-24T01:36:57","slug":"el-gobierno-inauguro-un-nuevo-almacen-popular-en-el-cecual","status":"publish","type":"post","link":"https:\/\/chacosintesis.com.ar\/index.php\/el-gobierno-inauguro-un-nuevo-almacen-popular-en-el-cecual\/","title":{"rendered":"El Gobierno inaugur\u00f3 un nuevo Almac\u00e9n Popular en el Cecual"},"content":{"rendered":"<div class=\"postie-post\">El espacio funcionar\u00e1 de manera permanente, de lunes a s\u00e1bado, en Santa Mar\u00eda de Oro 471 de la capital chaque\u00f1a. Podr\u00e1n adquirirse productos de la econom\u00eda popular de emprendimientos de Resistencia, Fontana, Barranqueras, Puerto Tirol, La Leonesa y Colonia Ben\u00edtez.<br \/>\nLa vicegobernadora Anal\u00eda Rach Quiroga, a cargo del Ejecutivo Provincial, inaugur\u00f3 este s\u00e1bado el primer Almac\u00e9n Popular de Resistencia en la sede del Centro Cultural Alternativo (Santa Mar\u00eda de Oro 471), junto a la edici\u00f3n especial de la tradicional Feria Cultiva. A partir de una inversi\u00f3n provincial de $10.000.000, el espacio albergar\u00e1 emprendimientos y producciones de la econom\u00eda popular chaque\u00f1a a precios justos.<br \/>\n\u201cAhora tienen un espacio que es para siempre y es de ustedes, en esta bell\u00edsima casa que es el Cecual, un emblema de Resistencia\u201d, celebr\u00f3 Rach Quiroga, acompa\u00f1ada por la ministra de Desarrollo Social Mar\u00eda P\u00eda Chiacchio Cavana, la vicepresidenta del Instituto de Cultura Gladis Cristaldo, y el director del Cecual Francisco Ben\u00edtez.<br \/>\nCon este, suman 13 espacios inaugurados de un total de 16 previstos en toda la provincia. \u201cEntendemos que la realidad se transforma con pol\u00edtica y un Estado fuerte y presente, tomando decisiones pol\u00edticas para mejorar la vida de los chaque\u00f1os y las chaque\u00f1as, brind\u00e1ndoles m\u00e1s herramientas para su desarrollo\u201d, enfatiz\u00f3 la mandataria y felicit\u00f3 al equipo de la cartera social por la planificaci\u00f3n, y el cumplimiento de metas y objetivos.<br \/>\nEn el edificio original se realizaron tambi\u00e9n tareas complementarias de refacci\u00f3n y reparaci\u00f3n de una sala de sonido y la vereda de acceso a la galer\u00eda trasera del espacio cultural.<br \/>\nLa ministra Chiaccio Cavana, remarc\u00f3 la importancia de que las y los emprendedores cuenten con un espacio permanente donde comercializar m\u00e1s all\u00e1 de las inclemencias clim\u00e1ticas, sin un costo de alquiler. \u201cEsto impulsa la comercializaci\u00f3n y producci\u00f3n, porque cuando uno sabe que tiene donde vender, produce m\u00e1s y de una mejor manera\u201d, expres\u00f3.<br \/>\nEn ese sentido record\u00f3 que al finalizar la gesti\u00f3n quedar\u00e1n 16 almacenes populares y una central agroalimentaria. \u201cCon una infraestructura capaz de acompa\u00f1ar y de dar respuesta a las y los emprendedores, peque\u00f1os productores trabajadores informales\u201d, concluy\u00f3.<br \/>\nEl director del Cecual Francisco \u201cCorcho\u201d Ben\u00edtez indic\u00f3 el objetivo es que el mercado se convierta en una oferta m\u00e1s para vecinos y vecinas y adelant\u00f3 que se realizar\u00e1n talleres y cursos para profesionalizaci\u00f3n, y diferentes instancias para que la comunidad.<br \/>\nPor su parte, la coordinadora de la Unidad Ejecutora de Pol\u00edticas Sociales del Ministerio de Desarrollo Social, Roc\u00edo Dom\u00ednguez record\u00f3 que se acordaron precios m\u00e1s accesibles a trav\u00e9s de diversos m\u00e9todos de pago (efectivo y digitales), y un esquema de promociones con el Nuevo Banco del Chaco.<br \/>\nParticiparon tambi\u00e9n el presidente del Instituto Provincial de Desarrollo Urbano y Vivienda (Ipduv) Diego Ar\u00e9valo, la subsecretaria de Juventudes y Diversidades Julieta Campo, y la coordinadora del Programa de Industrias Culturales del Instituto de Cultura del Chaco Carolina Sampor.<br \/>\nEspacio de encuentro y precios justos<br \/>\nEl espacio estar\u00e1 abierto al p\u00fablico de lunes a s\u00e1bado, de 9 a 12 y de 17 a 21. Se encontrar\u00e1n conservas, dulces, plantas arom\u00e1ticas y ornamentales, productos textiles, hortalizas y verduras agroecol\u00f3gicas, producidos en Resistencia, Fontana, Barranqueras, Puerto Tirol, La Leonesa y Colonia Ben\u00edtez.<br \/>\nAl proyecto colectivo, ejecutado a trav\u00e9s de la Unidad Ejecutora de Pol\u00edticas Sociales de Desarrollo Social, se suman varios organismos como el Polo Socio Productivo, el programa ProHuerta del INTA, el Instituto de Cultura, Dise\u00f1o Espacio Alternativo de Arte, el Instituto de Investigaciones Forestales y Agropecuarias (IIFA), adem\u00e1s de productores y emprendedores de la Feria Cultiva y de los Mercados Populares.<\/div>\n","protected":false},"excerpt":{"rendered":"<p>El espacio funcionar\u00e1 de manera permanente, de lunes a s\u00e1bado, en Santa Mar\u00eda de Oro 471 de la capital chaque\u00f1a. Podr\u00e1n adquirirse productos de la econom\u00eda popular de emprendimientos de Resistencia, Fontana, Barranqueras, Puerto Tirol, La Leonesa y Colonia Ben\u00edtez. La vicegobernadora Anal\u00eda Rach Quiroga, a cargo del Ejecutivo Provincial, inaugur\u00f3 este s\u00e1bado el primer [&hellip;]<\/p>\n","protected":false},"author":1,"featured_media":27243,"comment_status":"closed","ping_status":"closed","sticky":false,"template":"","format":"standard","meta":{"footnotes":""},"categories":[6],"tags":[],"class_list":{"0":"post-27242","1":"post","2":"type-post","3":"status-publish","4":"format-standard","5":"has-post-thumbnail","7":"category-chaco"},"_links":{"self":[{"href":"https:\/\/chacosintesis.com.ar\/index.php\/wp-json\/wp\/v2\/posts\/27242","targetHints":{"allow":["GET"]}}],"collection":[{"href":"https:\/\/chacosintesis.com.ar\/index.php\/wp-json\/wp\/v2\/posts"}],"about":[{"href":"https:\/\/chacosintesis.com.ar\/index.php\/wp-json\/wp\/v2\/types\/post"}],"author":[{"embeddable":true,"href":"https:\/\/chacosintesis.com.ar\/index.php\/wp-json\/wp\/v2\/users\/1"}],"replies":[{"embeddable":true,"href":"https:\/\/chacosintesis.com.ar\/index.php\/wp-json\/wp\/v2\/comments?post=27242"}],"version-history":[{"count":0,"href":"https:\/\/chacosintesis.com.ar\/index.php\/wp-json\/wp\/v2\/posts\/27242\/revisions"}],"wp:featuredmedia":[{"embeddable":true,"href":"https:\/\/chacosintesis.com.ar\/index.php\/wp-json\/wp\/v2\/media\/27243"}],"wp:attachment":[{"href":"https:\/\/chacosintesis.com.ar\/index.php\/wp-json\/wp\/v2\/media?parent=27242"}],"wp:term":[{"taxonomy":"category","embeddable":true,"href":"https:\/\/chacosintesis.com.ar\/index.php\/wp-json\/wp\/v2\/categories?post=27242"},{"taxonomy":"post_tag","embeddable":true,"href":"https:\/\/chacosintesis.com.ar\/index.php\/wp-json\/wp\/v2\/tags?post=27242"}],"curies":[{"name":"wp","href":"https:\/\/api.w.org\/{rel}","templated":true}]}}