{"id":27236,"date":"2023-09-22T18:41:22","date_gmt":"2023-09-22T21:41:22","guid":{"rendered":"https:\/\/chacosintesis.com.ar\/?p=27236"},"modified":"2023-09-22T19:06:59","modified_gmt":"2023-09-22T22:06:59","slug":"jornada-inaugural-del-seminario-de-reflexion-sobre-el-genocidio-indigena-con-la-presencia-de-rach-quiroga","status":"publish","type":"post","link":"https:\/\/chacosintesis.com.ar\/index.php\/jornada-inaugural-del-seminario-de-reflexion-sobre-el-genocidio-indigena-con-la-presencia-de-rach-quiroga\/","title":{"rendered":"Jornada inaugural del seminario de reflexi\u00f3n sobre el genocidio ind\u00edgena con la presencia de Rach Quiroga"},"content":{"rendered":"<div class=\"postie-post\">El evento, organizado por la Fundaci\u00f3n Napalp\u00ed en coordinaci\u00f3n con el Instituto de Investigaciones Geohist\u00f3ricas- IIGHI (CONICET-UNNE), cuenta con la participaci\u00f3n de investigadores y personalidades destacadas de todo el pa\u00eds.<br \/>\nLa vicegobernadora Anal\u00eda Rach Quiroga, a cargo del Ejecutivo provincial, y la secretaria de Derecho Humanos y G\u00e9neros, Silvana P\u00e9rez encabezaron este viernes en la Casa de las Culturas de Resistencia, la apertura del VI Seminario de reflexi\u00f3n sobre el Genocidio Ind\u00edgena en el Chaco argentino. El objetivo es analizar los hechos pasados y actuales referidos al genocidio ind\u00edgena y sus consecuencias; constituir un espacio de reflexi\u00f3n, debate e intercambio desde una perspectiva intercultural entre acad\u00e9micos, referentes e ind\u00edgenas.<br \/>\nEn la jornada inaugural se realizaron tres talleres. Formaron parte la directora del Instituto de Investigaciones Geohist\u00f3ricas\/ CONICET Chaco Mar\u00eda Laura Salinas, la directora de Diversidad y Pr\u00e1cticas Identitarias del Instituto Cultural de la Provincia de Buenos Aires Zulema Enriquez, el presidente del Comit\u00e9 para la Prevenci\u00f3n de la Tortura Dar\u00edo G\u00f3mez, la diputada provincial Teresa Cubells, la senadora por Salta Nora Gimenez y referentes de comunidad moqoit, qom, wichi, nivacle, charrua, mapuche, quechua.<br \/>\nEl evento, organizado por la Fundaci\u00f3n Napalp\u00ed en coordinaci\u00f3n con el Instituto de Investigaciones Geohist\u00f3ricas- IIGHI (CONICET-UNNE), contin\u00faa el s\u00e1bado en San Bernardo, con la participaci\u00f3n de investigadores y personalidades destacadas de todo el pa\u00eds.<br \/>\nP\u00e9rez breg\u00f3 para que siempre existan modelos de Estado como los que tuvo el Chaco en los \u00faltimos a\u00f1os, que permitan un Estado abierto a construir una nueva forma de hacer. \u201cQuienes estamos en este seminario tenemos la responsabilidad enorme de estar alerta de que estamos entre la construcci\u00f3n de Estados de Derecho y la destrucci\u00f3n del Estado, esa es la dicotom\u00eda central de la actualidad en la Argentina, y hoy nos toca defender la democracia, los derechos humanos y la interculturalidad que en el Chaco pusimos como bandera de los derechos humanos\u201d, sostuvo.<br \/>\nPara ello destac\u00f3 el compromiso de la gesti\u00f3n de Capitanich y Rach Quiroga que permiti\u00f3 construir y reconstruir el Estado de otra manera, que pudo reconocer las lenguas, tomar las luchas, darle reconocimiento estatal a la masacre de Napalp\u00ed y pedir perd\u00f3n por eso, gracias a una pol\u00edtica p\u00fablica que construy\u00f3 el Estado desde revisi\u00f3n del genocidio, la situaci\u00f3n de colonialidad. \u201cExisten construcciones estatales que pueden recorrer y articular la militancia, los derechos humanos, transversalizarlos y construir las bases para un Estado distinto, como fue posible en el Chaco\u201d, remarc\u00f3.<br \/>\nEn ese contexto remarc\u00f3 la importancia del trabajo de Juan Chico. \u201cEs el hijo de esta provincia, con no solo la historia de la construcci\u00f3n del Estado chaque\u00f1o, con su genocidio en el medio, sino tambi\u00e9n de las comunidades ind\u00edgenas resistentes de nuestro territorio, el supo sintetizar y trasmutar las luchas de los grupos ind\u00edgenas, de los derechos humanos, de los juicios de lesa humanidad, de las resistencias y las reivindicaciones del territorio\u201d, expres\u00f3.<\/p>\n<p>Disputas con &#8220;ideolog\u00edas vac\u00edas&#8221;<\/p>\n<p>Dar\u00edo G\u00f3mez indic\u00f3 que el seminario implica articulaci\u00f3n institucional, trabajo conjunto entre \u00e1reas de la sociedad civil, del Estado, la academia, la investigaci\u00f3n, militancias, referentes de organizaciones de bases territoriales. \u201cLa historia nos encamina al centenario de la masacre de Napalp\u00ed pretendiendo imponer en el camino un modelo similar al que dio origen a la masacre, disputando con los pregoneros del neoliberalismo, de ideolog\u00edas que vac\u00edan de contenido la agenda de derechos humanos y el respeto y las reivindicaciones de las comunidades m\u00e1s vulneradas\u201d, expres\u00f3.<br \/>\nPor ello invit\u00f3 a compartir reflexiones sobre el fen\u00f3meno ind\u00edgena y el impacto que tuvieron en la actualidad los genocidios. \u201cEs el desaf\u00edo que tenemos, ratificar el compromiso entre todos y todas los que estamos ac\u00e1 reunidos, personas que de una u otra manera siempre formaron parte de estas luchas y asumir el desaf\u00edo de volver a poner con la jerarqu\u00eda que tuvo, que tiene y que tendr\u00e1 al movimiento de derechos humanos a la cabeza de estas agendas\u201d, resumi\u00f3.<br \/>\nSergio L\u00f3pez, integrante de la Fundaci\u00f3n Napalp\u00ed destac\u00f3 la participaci\u00f3n de cada uno de los hermanos de las diferentes comunidades y se\u00f1al\u00f3 que el seminario ser\u00e1 el \u00e1mbito para empezar a reconstruir todo lo construido durante el \u00faltimo tiempo, a reorganizar y fortalecer los espacios. \u201cEl seminario nos permite seguir transitando por este camino y pensar el Estado en relaci\u00f3n con los pueblos ind\u00edgenas\u201d, remarc\u00f3.<\/p><\/div>\n","protected":false},"excerpt":{"rendered":"<p>El evento, organizado por la Fundaci\u00f3n Napalp\u00ed en coordinaci\u00f3n con el Instituto de Investigaciones Geohist\u00f3ricas- IIGHI (CONICET-UNNE), cuenta con la participaci\u00f3n de investigadores y personalidades destacadas de todo el pa\u00eds. La vicegobernadora Anal\u00eda Rach Quiroga, a cargo del Ejecutivo provincial, y la secretaria de Derecho Humanos y G\u00e9neros, Silvana P\u00e9rez encabezaron este viernes en la [&hellip;]<\/p>\n","protected":false},"author":1,"featured_media":27237,"comment_status":"closed","ping_status":"closed","sticky":false,"template":"","format":"standard","meta":{"footnotes":""},"categories":[6],"tags":[],"class_list":{"0":"post-27236","1":"post","2":"type-post","3":"status-publish","4":"format-standard","5":"has-post-thumbnail","7":"category-chaco"},"_links":{"self":[{"href":"https:\/\/chacosintesis.com.ar\/index.php\/wp-json\/wp\/v2\/posts\/27236","targetHints":{"allow":["GET"]}}],"collection":[{"href":"https:\/\/chacosintesis.com.ar\/index.php\/wp-json\/wp\/v2\/posts"}],"about":[{"href":"https:\/\/chacosintesis.com.ar\/index.php\/wp-json\/wp\/v2\/types\/post"}],"author":[{"embeddable":true,"href":"https:\/\/chacosintesis.com.ar\/index.php\/wp-json\/wp\/v2\/users\/1"}],"replies":[{"embeddable":true,"href":"https:\/\/chacosintesis.com.ar\/index.php\/wp-json\/wp\/v2\/comments?post=27236"}],"version-history":[{"count":0,"href":"https:\/\/chacosintesis.com.ar\/index.php\/wp-json\/wp\/v2\/posts\/27236\/revisions"}],"wp:featuredmedia":[{"embeddable":true,"href":"https:\/\/chacosintesis.com.ar\/index.php\/wp-json\/wp\/v2\/media\/27237"}],"wp:attachment":[{"href":"https:\/\/chacosintesis.com.ar\/index.php\/wp-json\/wp\/v2\/media?parent=27236"}],"wp:term":[{"taxonomy":"category","embeddable":true,"href":"https:\/\/chacosintesis.com.ar\/index.php\/wp-json\/wp\/v2\/categories?post=27236"},{"taxonomy":"post_tag","embeddable":true,"href":"https:\/\/chacosintesis.com.ar\/index.php\/wp-json\/wp\/v2\/tags?post=27236"}],"curies":[{"name":"wp","href":"https:\/\/api.w.org\/{rel}","templated":true}]}}