{"id":27228,"date":"2023-09-22T18:28:36","date_gmt":"2023-09-22T21:28:36","guid":{"rendered":"https:\/\/chacosintesis.com.ar\/?p=27228"},"modified":"2023-09-22T18:37:11","modified_gmt":"2023-09-22T21:37:11","slug":"tirol-celebra-el-dia-del-chamame-con-un-mediodia-de-cantina-y-espectaculos","status":"publish","type":"post","link":"https:\/\/chacosintesis.com.ar\/index.php\/tirol-celebra-el-dia-del-chamame-con-un-mediodia-de-cantina-y-espectaculos\/","title":{"rendered":"Tirol celebra el d\u00eda del chamam\u00e9 con un mediod\u00eda de cantina y espect\u00e1culos"},"content":{"rendered":"<div class=\"postie-post\">El gran desfile de artistas incluye a: El Gorrioncito del Chamam\u00e9 Bautista Fern\u00e1ndez, Carolina Vidarte y Tr\u00edo Por\u00e1, Nordestada de Tito Luque y Julio Romero, Bianca Almir\u00f3n, Los Cunum\u00ed y el Grupo Itat\u00ed.<br \/>\nEste domingo 24 de septiembre desde el mediod\u00eda, el Instituto de Cultura del Chaco invita a celebrar el D\u00eda del Chamam\u00e9, en honor al gran Mario del Tr\u00e1nsito Cocomarola, en el Centro Cultura La Mara\u00f1a (Pont\u00f3n 49, Villa Elena, Puerto Tirol). La propuesta es compartir m\u00fasica en vivo, parrilla y cantina a orillas del Rio Negro. Las reservas se hacen al 3624-356684.<br \/>\nEl gran desfile de artistas incluye a: El Gorrioncito del Chamam\u00e9 Bautista Fern\u00e1ndez, Carolina Vidarte y Tr\u00edo Por\u00e1, Nordestada de Tito Luque y Julio Romero, Bianca Almir\u00f3n, Los Cunum\u00ed y el Grupo Itat\u00ed.<br \/>\nEl ingreso al p\u00fablico es libre y se realizar\u00e1 un aporte voluntario para ayudar a solventar gastos. Se permite el ingreso con silletas y las conservadoras tendr\u00e1n un costo de $ 2000.<br \/>\nLa celebraci\u00f3n cuenta con el apoyo del Ministerio de Cultura de la Naci\u00f3n, a trav\u00e9s del programa Culturas Gauchas, el Instituto de Cultura, Turismo, Loter\u00eda Chaque\u00f1a de la provincia del Chaco, Ezequiel Ram\u00edrez Construcciones, Vinos \u201cNi Idea\u201d y bodegas EZ, Hotel Niyat Urban, entre otros auspiciantes.<br \/>\nLas y los artistas<br \/>\nGrupo Itat\u00ed nace tras el fallecimiento del Gringo Manuel Sbinden, en el a\u00f1o 2006, siempre manteniendo el cuarteto chamamecero y el repertorio cl\u00e1sico. Grabando una placa discogr\u00e1fica por a\u00f1o y actuando en bailantas y Festivales de todo el pa\u00eds.<br \/>\nBlanca Almir\u00f3n, joven acordeonista de tan solo 13 a\u00f1os, a su corta edad recorri\u00f3 parte del pa\u00eds con la m\u00fasica. Particip\u00f3 de la Fiesta Nacional del Taninero, Fiesta Provincial del Chamam\u00e9 de Puerto Tirol, Nacional del Chamam\u00e9 en Corrientes, Fiesta Nacional en Federal Entre Rios como invitada del Chango Spasiuk.<br \/>\nLos Cunum\u00ed, formaci\u00f3n hist\u00f3rica de Puerto Tirol que cultiva el chamam\u00e9 tradicional.<br \/>\nCarolina Vidarte y Tr\u00edo Por\u00e1, agrupaci\u00f3n conformada por Carolina Vidarte (voz), Omar Mambrin (guitarra y arreglos), Adri\u00e1n P\u00e9rez (guitarra) y Mart\u00edn Nuevo (guitarra). Todos experimentados m\u00fasicos de una amplia trayectoria dentro de la m\u00fasica popular argentina en el \u00e1mbito regional. El repertorio tiene como eje principal el chamam\u00e9. Sin dejar de lado el vasto repertorio popular argentino y latinoamericano los cuales son parte inalienable de cada uno de los integrantes.<br \/>\nBautista Fern\u00e1ndez El Gorrioncito del Chamam\u00e9, oriundo de Puerto Tirol, desde muy ni\u00f1o sorprendi\u00f3 por su talento con la ejecuci\u00f3n del acorde\u00f3n. Acompa\u00f1ado por su padre fue madurando su estilo y ampliando repertorio.<br \/>\nNordestada, d\u00fao conformado por Leonardo &#8220;Tito&#8221; Luque en bandone\u00f3n de la localidad de Fontana (Chaco) y Julio Daniel Romero en guitarra y voz, de Mercedes (Corrientes); ambos radicados en la ciudad de Resistencia.<br \/>\nDesde muy j\u00f3venes vienen surcando caminos acompa\u00f1ando a gran cantidad de artistas en distintos escenarios de nuestro pa\u00eds y rep\u00fablicas vecinas. La m\u00fasica los encontr\u00f3 compartiendo proyecto en Herencia Chamam\u00e9 y Lucas Monz\u00f3n Cuarteto con quienes participaron de los principales festivales de nuestra regi\u00f3n.<\/div>\n","protected":false},"excerpt":{"rendered":"<p>El gran desfile de artistas incluye a: El Gorrioncito del Chamam\u00e9 Bautista Fern\u00e1ndez, Carolina Vidarte y Tr\u00edo Por\u00e1, Nordestada de Tito Luque y Julio Romero, Bianca Almir\u00f3n, Los Cunum\u00ed y el Grupo Itat\u00ed. Este domingo 24 de septiembre desde el mediod\u00eda, el Instituto de Cultura del Chaco invita a celebrar el D\u00eda del Chamam\u00e9, en [&hellip;]<\/p>\n","protected":false},"author":1,"featured_media":27229,"comment_status":"closed","ping_status":"closed","sticky":false,"template":"","format":"standard","meta":{"footnotes":""},"categories":[6],"tags":[],"class_list":{"0":"post-27228","1":"post","2":"type-post","3":"status-publish","4":"format-standard","5":"has-post-thumbnail","7":"category-chaco"},"_links":{"self":[{"href":"https:\/\/chacosintesis.com.ar\/index.php\/wp-json\/wp\/v2\/posts\/27228","targetHints":{"allow":["GET"]}}],"collection":[{"href":"https:\/\/chacosintesis.com.ar\/index.php\/wp-json\/wp\/v2\/posts"}],"about":[{"href":"https:\/\/chacosintesis.com.ar\/index.php\/wp-json\/wp\/v2\/types\/post"}],"author":[{"embeddable":true,"href":"https:\/\/chacosintesis.com.ar\/index.php\/wp-json\/wp\/v2\/users\/1"}],"replies":[{"embeddable":true,"href":"https:\/\/chacosintesis.com.ar\/index.php\/wp-json\/wp\/v2\/comments?post=27228"}],"version-history":[{"count":0,"href":"https:\/\/chacosintesis.com.ar\/index.php\/wp-json\/wp\/v2\/posts\/27228\/revisions"}],"wp:featuredmedia":[{"embeddable":true,"href":"https:\/\/chacosintesis.com.ar\/index.php\/wp-json\/wp\/v2\/media\/27229"}],"wp:attachment":[{"href":"https:\/\/chacosintesis.com.ar\/index.php\/wp-json\/wp\/v2\/media?parent=27228"}],"wp:term":[{"taxonomy":"category","embeddable":true,"href":"https:\/\/chacosintesis.com.ar\/index.php\/wp-json\/wp\/v2\/categories?post=27228"},{"taxonomy":"post_tag","embeddable":true,"href":"https:\/\/chacosintesis.com.ar\/index.php\/wp-json\/wp\/v2\/tags?post=27228"}],"curies":[{"name":"wp","href":"https:\/\/api.w.org\/{rel}","templated":true}]}}