{"id":27220,"date":"2023-09-22T18:09:23","date_gmt":"2023-09-22T21:09:23","guid":{"rendered":"https:\/\/chacosintesis.com.ar\/?p=27220"},"modified":"2023-09-22T18:36:53","modified_gmt":"2023-09-22T21:36:53","slug":"industrias-culturales-brindara-un-ciclo-de-capacitaciones-para-emprendedores","status":"publish","type":"post","link":"https:\/\/chacosintesis.com.ar\/index.php\/industrias-culturales-brindara-un-ciclo-de-capacitaciones-para-emprendedores\/","title":{"rendered":"Industrias Culturales brindar\u00e1 un ciclo de capacitaciones para emprendedores"},"content":{"rendered":"<div class=\"postie-post\">En el marco del Programa Escalar Emprendedores comenzar\u00e1 un ciclo de capacitaciones gratuitas para emprendedores y emprendedoras de todo el Chaco.<br \/>\nEl jueves 5 de octubre, a las 9, en el marco del Programa Escalar Emprendedores comenzar\u00e1 un ciclo de capacitaciones gratuitas para emprendedores y emprendedoras de todo el Chaco. Ser\u00e1 en el Centro Cultural Alternativo (Cecual), dependiente del Instituto de Cultura del Chaco (ICCH), ubicado en Santa Mar\u00eda de Oro 471. La capacitaci\u00f3n requiere inscripci\u00f3n previa.<br \/>\nLa capacitaci\u00f3n ser\u00e1 dictada por profesionales expertas de la Direcci\u00f3n de Desarrollo Emprendedor como Antonella Esp\u00edndola, Estela Valenzuela y Carla Escobar Lleiras.<br \/>\nEl taller es organizado por el Departamento de Industrias Culturales del ICCH, en articulaci\u00f3n con la Direcci\u00f3n de Desarrollo Emprendedor dependiente de la Secretar\u00eda de Empleo del Chaco, en el marco del Programa Escalar Emprendedores. Se trata de un ciclo de capacitaciones para incentivar a emprendedoras y emprendedores a profesionalizar y formalizar las actividades que vienen desarrollando, en vistas a la consolidaci\u00f3n de sus emprendimientos.<br \/>\nCon respecto a la modalidad, se realizar\u00e1n capacitaciones abiertas semanales y se brindar\u00e1 tutor\u00edas guiadas mediante asistencias t\u00e9cnicas semanales de un equipo interdisciplinario.<br \/>\nEl ciclo est\u00e1 destinado a emprendedoras y emprendedores que buscan adquirir los conocimientos necesarios para crecer y consolidarse en el mundo empresario, acompa\u00f1adas del asesoramiento contable e impositivo que abre paso a su formalizaci\u00f3n; emprendedores que buscan crecer y liderar conscientemente sus peque\u00f1as empresas y que, a trav\u00e9s de estas herramientas, podr\u00e1n potenciar sus proyectos productivos y su autonom\u00eda econ\u00f3mica. Link de inscripci\u00f3n: <a href=\"https:\/\/bit.ly\/EscalarEmprendedorxs\">bit.ly\/EscalarEmprendedorxs<\/a><br \/>\n\u201cEstamos orgullosas de las emprendedoras y los emprendedores de nuestra provincia, que apuestan a la capacitaci\u00f3n para poder planificar y organizarse, en vistas a la consolidaci\u00f3n de sus emprendimientos\u201d, expresaron desde el \u00e1rea.<br \/>\nEl Centro Cultural Alternativo es un Espacio de Formaci\u00f3n y Extensi\u00f3n a la Comunidad. Con el lema Cultura del Encuentro, el Cecual desarrolla m\u00faltiples actividades que apuntan a las pr\u00e1cticas culturales solidarias, generaci\u00f3n de espacios de convivencia, talleres de inclusi\u00f3n, infancia y medio ambiente, adem\u00e1s de ciclos de charlas, m\u00fasica y espect\u00e1culos diversos.<br \/>\nPara mayor informaci\u00f3n escribir a: <a href=\"mailto:industriasculturaleschaco@gmail.com\">industriasculturaleschaco@gmail.com<\/a><br \/>\nTemario<br \/>\nM\u00f3dulo 1: Plan de Negocios (2 encuentros).<br \/>\nM\u00f3dulo 2: Costos y Precio.<br \/>\nM\u00f3dulo 3: Formalizaci\u00f3n de Emprendimiento &#8211; Monotributo Social y R\u00e9gimen General.<br \/>\nM\u00f3dulo 4: Documentaciones a presentar en l\u00edneas de cr\u00e9dito.<br \/>\nM\u00f3dulo 5: Econom\u00eda Financiera &#8211; Ahorro Inteligente.<br \/>\nM\u00f3dulo 6: Marketing &#8211; Redes Sociales (2 encuentros)<\/div>\n","protected":false},"excerpt":{"rendered":"<p>En el marco del Programa Escalar Emprendedores comenzar\u00e1 un ciclo de capacitaciones gratuitas para emprendedores y emprendedoras de todo el Chaco. El jueves 5 de octubre, a las 9, en el marco del Programa Escalar Emprendedores comenzar\u00e1 un ciclo de capacitaciones gratuitas para emprendedores y emprendedoras de todo el Chaco. Ser\u00e1 en el Centro Cultural [&hellip;]<\/p>\n","protected":false},"author":1,"featured_media":27221,"comment_status":"closed","ping_status":"closed","sticky":false,"template":"","format":"standard","meta":{"footnotes":""},"categories":[6],"tags":[],"class_list":{"0":"post-27220","1":"post","2":"type-post","3":"status-publish","4":"format-standard","5":"has-post-thumbnail","7":"category-chaco"},"_links":{"self":[{"href":"https:\/\/chacosintesis.com.ar\/index.php\/wp-json\/wp\/v2\/posts\/27220","targetHints":{"allow":["GET"]}}],"collection":[{"href":"https:\/\/chacosintesis.com.ar\/index.php\/wp-json\/wp\/v2\/posts"}],"about":[{"href":"https:\/\/chacosintesis.com.ar\/index.php\/wp-json\/wp\/v2\/types\/post"}],"author":[{"embeddable":true,"href":"https:\/\/chacosintesis.com.ar\/index.php\/wp-json\/wp\/v2\/users\/1"}],"replies":[{"embeddable":true,"href":"https:\/\/chacosintesis.com.ar\/index.php\/wp-json\/wp\/v2\/comments?post=27220"}],"version-history":[{"count":0,"href":"https:\/\/chacosintesis.com.ar\/index.php\/wp-json\/wp\/v2\/posts\/27220\/revisions"}],"wp:featuredmedia":[{"embeddable":true,"href":"https:\/\/chacosintesis.com.ar\/index.php\/wp-json\/wp\/v2\/media\/27221"}],"wp:attachment":[{"href":"https:\/\/chacosintesis.com.ar\/index.php\/wp-json\/wp\/v2\/media?parent=27220"}],"wp:term":[{"taxonomy":"category","embeddable":true,"href":"https:\/\/chacosintesis.com.ar\/index.php\/wp-json\/wp\/v2\/categories?post=27220"},{"taxonomy":"post_tag","embeddable":true,"href":"https:\/\/chacosintesis.com.ar\/index.php\/wp-json\/wp\/v2\/tags?post=27220"}],"curies":[{"name":"wp","href":"https:\/\/api.w.org\/{rel}","templated":true}]}}