{"id":27216,"date":"2023-09-22T18:03:14","date_gmt":"2023-09-22T21:03:14","guid":{"rendered":"https:\/\/chacosintesis.com.ar\/?p=27216"},"modified":"2023-09-22T18:07:07","modified_gmt":"2023-09-22T21:07:07","slug":"el-instituto-de-cultura-se-encamina-a-una-transicion-ordenada","status":"publish","type":"post","link":"https:\/\/chacosintesis.com.ar\/index.php\/el-instituto-de-cultura-se-encamina-a-una-transicion-ordenada\/","title":{"rendered":"El Instituto de Cultura se encamina a una transici\u00f3n ordenada"},"content":{"rendered":"<div class=\"postie-post\">El d\u00eda mi\u00e9rcoles 20 de septiembre, el presidente del Instituto de Cultura del Chaco mantuvo una reuni\u00f3n de gabinete con todo su equipo de gesti\u00f3n para sentar las bases de una transici\u00f3n ordenada tras el resultado de las elecciones generales del domingo.<br \/>\nEn la misma, estuvieron presentes todas las \u00e1reas del ICCh (art\u00edsticas, administrativas, comunicaci\u00f3n y espacios) junto al titular de la cartera, la vicepresidenta, Gladis Cristaldo y el vocal Alfredo Germignani.<br \/>\nAs\u00ed pues, se ratificaron cada una de las pol\u00edticas p\u00fablicas realizadas como ser la ampliaci\u00f3n de derechos culturales, no solo para el sector art\u00edstico, sino para todos los chaque\u00f1os.<br \/>\nLas autoridades agradecieron al equipo por ser parte y aportar estos cuatro a\u00f1os a la gesti\u00f3n y a la defensa de esos derechos.<br \/>\n\u201cCreemos en que si hay pol\u00edticas p\u00fablicas hay sujetos deseantes, por lo tanto, en el camino de esta gesti\u00f3n de 4 a\u00f1os, iniciado por Mariela Quir\u00f3s en el 2019, hubo y hay una continuidad estrat\u00e9gica. De hecho, es el resultado de esos primeros pasos que supimos dar en el 2007, porque desde all\u00ed hemos avanzado con distintas herramientas hacia la conquista de derechos culturales. El pilar fue apostar al crecimiento y al desarrollo de la gesti\u00f3n cultural y la clave para lograrlo fue hacerlo de manera colectiva junto a artistas, hacedoras y hacedores, pero tambi\u00e9n y fundamentalmente gracias al magn\u00edfico equipo humano que tiene esta instituci\u00f3n\u201d, expres\u00f3 Romero.<br \/>\nTambi\u00e9n, inst\u00f3 al compromiso que el equipo debe mantener de cara al futuro pues \u201cla cultura tiene que ser concebida siempre como un derecho y al Estado como su garante indelegable\u201d.<br \/>\nPor su parte, la vicepresidenta Gladis Cristaldo remarc\u00f3 que \u201ces fundamental saber escuchar para saber gestionar, sobre todo no hacer o\u00eddos sordos a los reclamos\u201d. En ese sentido, celebr\u00f3 la implementaci\u00f3n de acciones concretas tendientes a fortalecer al colectivo de mujeres y disidencias, como as\u00ed tambi\u00e9n a la visibilizaci\u00f3n de las expresiones culturales y art\u00edsticas de nuestros pueblos originarios. \u201cEl Chaco es un territorio diverso, tanto en su diversidad cultural, como ling\u00fc\u00edstica, \u00e9tnica y de g\u00e9nero\u201d apunt\u00f3.<br \/>\nEn tanto, Alfredo Germignani sostuvo que \u201clas pol\u00edticas culturales deben proponerse como andamiaje para establecer nuevos sentidos de comunidad y all\u00ed lo p\u00fablico se construye a instancias de planeamiento, producci\u00f3n e implementaci\u00f3n de los recursos del Estado\u201d.<\/div>\n","protected":false},"excerpt":{"rendered":"<p>El d\u00eda mi\u00e9rcoles 20 de septiembre, el presidente del Instituto de Cultura del Chaco mantuvo una reuni\u00f3n de gabinete con todo su equipo de gesti\u00f3n para sentar las bases de una transici\u00f3n ordenada tras el resultado de las elecciones generales del domingo. En la misma, estuvieron presentes todas las \u00e1reas del ICCh (art\u00edsticas, administrativas, comunicaci\u00f3n [&hellip;]<\/p>\n","protected":false},"author":1,"featured_media":27217,"comment_status":"closed","ping_status":"closed","sticky":false,"template":"","format":"standard","meta":{"footnotes":""},"categories":[6],"tags":[],"class_list":{"0":"post-27216","1":"post","2":"type-post","3":"status-publish","4":"format-standard","5":"has-post-thumbnail","7":"category-chaco"},"_links":{"self":[{"href":"https:\/\/chacosintesis.com.ar\/index.php\/wp-json\/wp\/v2\/posts\/27216","targetHints":{"allow":["GET"]}}],"collection":[{"href":"https:\/\/chacosintesis.com.ar\/index.php\/wp-json\/wp\/v2\/posts"}],"about":[{"href":"https:\/\/chacosintesis.com.ar\/index.php\/wp-json\/wp\/v2\/types\/post"}],"author":[{"embeddable":true,"href":"https:\/\/chacosintesis.com.ar\/index.php\/wp-json\/wp\/v2\/users\/1"}],"replies":[{"embeddable":true,"href":"https:\/\/chacosintesis.com.ar\/index.php\/wp-json\/wp\/v2\/comments?post=27216"}],"version-history":[{"count":0,"href":"https:\/\/chacosintesis.com.ar\/index.php\/wp-json\/wp\/v2\/posts\/27216\/revisions"}],"wp:featuredmedia":[{"embeddable":true,"href":"https:\/\/chacosintesis.com.ar\/index.php\/wp-json\/wp\/v2\/media\/27217"}],"wp:attachment":[{"href":"https:\/\/chacosintesis.com.ar\/index.php\/wp-json\/wp\/v2\/media?parent=27216"}],"wp:term":[{"taxonomy":"category","embeddable":true,"href":"https:\/\/chacosintesis.com.ar\/index.php\/wp-json\/wp\/v2\/categories?post=27216"},{"taxonomy":"post_tag","embeddable":true,"href":"https:\/\/chacosintesis.com.ar\/index.php\/wp-json\/wp\/v2\/tags?post=27216"}],"curies":[{"name":"wp","href":"https:\/\/api.w.org\/{rel}","templated":true}]}}