{"id":27210,"date":"2023-09-22T17:53:56","date_gmt":"2023-09-22T20:53:56","guid":{"rendered":"https:\/\/chacosintesis.com.ar\/?p=27210"},"modified":"2023-09-22T18:06:53","modified_gmt":"2023-09-22T21:06:53","slug":"los-rurales-rescataron-a-un-caballo-estuvo-atado-a-un-arbol-por-varios-dias","status":"publish","type":"post","link":"https:\/\/chacosintesis.com.ar\/index.php\/los-rurales-rescataron-a-un-caballo-estuvo-atado-a-un-arbol-por-varios-dias\/","title":{"rendered":"Los rurales rescataron a un caballo: Estuvo atado a un \u00e1rbol por varios d\u00edas"},"content":{"rendered":"<div class=\"postie-post\">Se trata de un equino de cinco a\u00f1os aproximadamente. Se encontraba sin cuidador y deshidratado. Esta siesta, alrededor de las 14:20, los agentes de la Secci\u00f3n Pampa del Infierno y Pampa Guanaco recorr\u00edan la Planta Urbana de Pampa del Infierno y dieron con un caballo atado en mal estado. Al entrevistarse con los lugare\u00f1os fueron informados de que el animal llevaba all\u00ed varios d\u00edas sin cuidador, con m\u00e1s 40 grados de temperatura ambiente, lo que gener\u00f3 su deshidrataci\u00f3n, siendo un equino de pelaje zaino colorado, sin marca visible. Ten\u00eda un bozal de fabricaci\u00f3n casera de lona. De inmediato, trasladaron al equino hacia la unidad y le brindaron la atenci\u00f3n necesaria. En comunicaci\u00f3n con la magistratura interviniente y conforme a lo establecido en la Ley N\u00b02765-J se lo secuestr\u00f3. Finalmente, el animal fue trasladado a la Fundaci\u00f3n de Equinoterapia &#8220;I.A.N&#8221; para su mejor cuidado.<\/div>\n","protected":false},"excerpt":{"rendered":"<p>Se trata de un equino de cinco a\u00f1os aproximadamente. Se encontraba sin cuidador y deshidratado. Esta siesta, alrededor de las 14:20, los agentes de la Secci\u00f3n Pampa del Infierno y Pampa Guanaco recorr\u00edan la Planta Urbana de Pampa del Infierno y dieron con un caballo atado en mal estado. Al entrevistarse con los lugare\u00f1os fueron [&hellip;]<\/p>\n","protected":false},"author":1,"featured_media":27211,"comment_status":"closed","ping_status":"closed","sticky":false,"template":"","format":"standard","meta":{"footnotes":""},"categories":[6],"tags":[],"class_list":{"0":"post-27210","1":"post","2":"type-post","3":"status-publish","4":"format-standard","5":"has-post-thumbnail","7":"category-chaco"},"_links":{"self":[{"href":"https:\/\/chacosintesis.com.ar\/index.php\/wp-json\/wp\/v2\/posts\/27210","targetHints":{"allow":["GET"]}}],"collection":[{"href":"https:\/\/chacosintesis.com.ar\/index.php\/wp-json\/wp\/v2\/posts"}],"about":[{"href":"https:\/\/chacosintesis.com.ar\/index.php\/wp-json\/wp\/v2\/types\/post"}],"author":[{"embeddable":true,"href":"https:\/\/chacosintesis.com.ar\/index.php\/wp-json\/wp\/v2\/users\/1"}],"replies":[{"embeddable":true,"href":"https:\/\/chacosintesis.com.ar\/index.php\/wp-json\/wp\/v2\/comments?post=27210"}],"version-history":[{"count":0,"href":"https:\/\/chacosintesis.com.ar\/index.php\/wp-json\/wp\/v2\/posts\/27210\/revisions"}],"wp:featuredmedia":[{"embeddable":true,"href":"https:\/\/chacosintesis.com.ar\/index.php\/wp-json\/wp\/v2\/media\/27211"}],"wp:attachment":[{"href":"https:\/\/chacosintesis.com.ar\/index.php\/wp-json\/wp\/v2\/media?parent=27210"}],"wp:term":[{"taxonomy":"category","embeddable":true,"href":"https:\/\/chacosintesis.com.ar\/index.php\/wp-json\/wp\/v2\/categories?post=27210"},{"taxonomy":"post_tag","embeddable":true,"href":"https:\/\/chacosintesis.com.ar\/index.php\/wp-json\/wp\/v2\/tags?post=27210"}],"curies":[{"name":"wp","href":"https:\/\/api.w.org\/{rel}","templated":true}]}}