{"id":27202,"date":"2023-09-22T09:30:04","date_gmt":"2023-09-22T12:30:04","guid":{"rendered":"https:\/\/chacosintesis.com.ar\/?p=27202"},"modified":"2023-09-22T09:37:17","modified_gmt":"2023-09-22T12:37:17","slug":"un-camion-del-ejercito-cayo-por-un-barranco-en-neuquen-4-muertos-y-18-heridos","status":"publish","type":"post","link":"https:\/\/chacosintesis.com.ar\/index.php\/un-camion-del-ejercito-cayo-por-un-barranco-en-neuquen-4-muertos-y-18-heridos\/","title":{"rendered":"Un cami\u00f3n del Ej\u00e9rcito cay\u00f3 por un barranco en Neuqu\u00e9n: 4 muertos y 18 heridos"},"content":{"rendered":"<div class=\"postie-post\">Fue en la ruta 62 camino a Lolog, en cercan\u00edas a San Mart\u00edn de los Andes. A\u00fan se desconoce qu\u00e9 provoc\u00f3 el accidente. Investiga la Justicia. Difundieron la lista de v\u00edctimas y lesionados.<\/p>\n<p>Al menos cuatro miembros del Ej\u00e9rcito Argentino murieron y 18 sufrieron heridas de diversa gravedad este jueves cuando un cami\u00f3n del Regimiento de Caballer\u00eda de Monta\u00f1a IV volc\u00f3 y cay\u00f3 a un precipicio de unos 20 metros a la vera de la ruta provincial 62, camino al lago Lolog, a seis kil\u00f3metros de la ciudad neuquina de San Mart\u00edn de los Andes.<br \/>\nUn comunicado oficial del Ej\u00e9rcito Argentino inform\u00f3 que se produjeron 4 muertos y 18 heridos, nueve los cuales fueron trasladados al Hospital Ram\u00f3n Carrillo y otros nueve, a la Cl\u00ednica Chapelco, ambos centros de salud en la localidad de San Mart\u00edn de los Andes.<\/p>\n<p>Del Hospital Carrillo, uno de los heridos fue externado a la brevedad, afirmaron fuentes de prensa del nosocomio.<br \/>\nMario Faundes, oficial de operaciones de bomberos de San Mart\u00edn de los Andes, dijo a Cadena 3: \u201cEl cami\u00f3n cay\u00f3 20 metros. Se clav\u00f3 en punta y volc\u00f3 sobre su carrocer\u00eda&#8221;.<br \/>\n\u201cNo llov\u00eda torrencialmente, pero lloviznaba\u201d, detall\u00f3 Faundes y a\u00f1adi\u00f3: \u201cSe trata de un Mercedez Benz con caja playa y lona para llevar a los soldados\u201d.<br \/>\nEl comunicado del Ej\u00e9rcito explic\u00f3: &#8220;En el d\u00eda de la fecha, durante el repliegue hacia el cuartel del personal del Escuadr\u00f3n Montado B que se encontraba realizando una actividad de adiestramiento operacional en proximidades del Lago Lolog, el veh\u00edculo en que eran transportados se desbarranc\u00f3 cuando circulaba sobre la ruta Provincial 62&#8221;.<br \/>\n&#8220;Se est\u00e1 tomando contacto con los familiares de las v\u00edctimas a los fines de transmitir la lamentable noticia. Conforme se disponga de m\u00e1s informaci\u00f3n, ser\u00e1 difundida a la brevedad\u201d, a\u00f1adi\u00f3.<br \/>\nEl cami\u00f3n Mercedes Benz estaba volviendo de Lolog y, en un sector de curva y contracurva, choc\u00f3 contra el guardarra\u00edl y cay\u00f3 por causas que se intentan establecer.<br \/>\nEn el lugar, trabajaron seis ambulancias del Municipio y del Hospital Ram\u00f3n Carrillo, junto a personal del Ej\u00e9rcito Argentino, brigadas de Parques Nacionales y de la Direcci\u00f3n de Tr\u00e1nsito de la Polic\u00eda neuquina.<br \/>\nIdentidad de los fallecidos<br \/>\n&#8211; Cabo Primero Cristian Gonz\u00e1lez<br \/>\n&#8211; Cabo Mart\u00edn Rom\u00e1n<br \/>\n&#8211; Soldado voluntario Oscar Morales<br \/>\n&#8211; Soldado voluntaria Guadalupe Canuillan<br \/>\nIdentidad de los heridos<br \/>\n&#8211; Sargento Gonzalo Ledesma<br \/>\n&#8211; Sargento Claudio Manqui<br \/>\n&#8211; Sargento Emiliano Linder<br \/>\n&#8211; Cabo primero Fernando Ramos (alta m\u00e9dica)<br \/>\n&#8211; Cabo primero Santiago Barrera<br \/>\n&#8211; Cabo primero Marcos Steinhaus<br \/>\n&#8211; Cabo primero Oscar Jaramillo<br \/>\n&#8211; Cabo Alejandra Romero<br \/>\n&#8211; Soldado voluntario Brian Cariman<br \/>\n&#8211; Soldado voluntario Alexis Aqueveque<br \/>\n&#8211; Soldado voluntario Santiago V\u00e1zquez<br \/>\n&#8211; Soldado voluntaria Agustina Sandoval<br \/>\n&#8211; Soldado voluntario Jonathan Epullan<br \/>\n&#8211; Soldado voluntario Mauricio Cheuquepan<br \/>\n&#8211; Soldado voluntario Jerson Irusta<br \/>\n&#8211; Soldado voluntario Fabi\u00e1n Gueche<br \/>\n&#8211; Soldado voluntario Michael Medina<br \/>\n&#8211; Soldado voluntario Morena Bianchero<\/p>\n<p>CADENA 3.-<\/p><\/div>\n","protected":false},"excerpt":{"rendered":"<p>Fue en la ruta 62 camino a Lolog, en cercan\u00edas a San Mart\u00edn de los Andes. A\u00fan se desconoce qu\u00e9 provoc\u00f3 el accidente. Investiga la Justicia. Difundieron la lista de v\u00edctimas y lesionados. Al menos cuatro miembros del Ej\u00e9rcito Argentino murieron y 18 sufrieron heridas de diversa gravedad este jueves cuando un cami\u00f3n del Regimiento [&hellip;]<\/p>\n","protected":false},"author":1,"featured_media":27203,"comment_status":"closed","ping_status":"closed","sticky":false,"template":"","format":"standard","meta":{"footnotes":""},"categories":[6],"tags":[],"class_list":{"0":"post-27202","1":"post","2":"type-post","3":"status-publish","4":"format-standard","5":"has-post-thumbnail","7":"category-chaco"},"_links":{"self":[{"href":"https:\/\/chacosintesis.com.ar\/index.php\/wp-json\/wp\/v2\/posts\/27202","targetHints":{"allow":["GET"]}}],"collection":[{"href":"https:\/\/chacosintesis.com.ar\/index.php\/wp-json\/wp\/v2\/posts"}],"about":[{"href":"https:\/\/chacosintesis.com.ar\/index.php\/wp-json\/wp\/v2\/types\/post"}],"author":[{"embeddable":true,"href":"https:\/\/chacosintesis.com.ar\/index.php\/wp-json\/wp\/v2\/users\/1"}],"replies":[{"embeddable":true,"href":"https:\/\/chacosintesis.com.ar\/index.php\/wp-json\/wp\/v2\/comments?post=27202"}],"version-history":[{"count":0,"href":"https:\/\/chacosintesis.com.ar\/index.php\/wp-json\/wp\/v2\/posts\/27202\/revisions"}],"wp:featuredmedia":[{"embeddable":true,"href":"https:\/\/chacosintesis.com.ar\/index.php\/wp-json\/wp\/v2\/media\/27203"}],"wp:attachment":[{"href":"https:\/\/chacosintesis.com.ar\/index.php\/wp-json\/wp\/v2\/media?parent=27202"}],"wp:term":[{"taxonomy":"category","embeddable":true,"href":"https:\/\/chacosintesis.com.ar\/index.php\/wp-json\/wp\/v2\/categories?post=27202"},{"taxonomy":"post_tag","embeddable":true,"href":"https:\/\/chacosintesis.com.ar\/index.php\/wp-json\/wp\/v2\/tags?post=27202"}],"curies":[{"name":"wp","href":"https:\/\/api.w.org\/{rel}","templated":true}]}}