{"id":27198,"date":"2023-09-22T09:22:43","date_gmt":"2023-09-22T12:22:43","guid":{"rendered":"https:\/\/chacosintesis.com.ar\/?p=27198"},"modified":"2023-09-22T09:37:08","modified_gmt":"2023-09-22T12:37:08","slug":"dos-detenidos-por-el-asesinato-del-penitenciario-en-saenz-pena","status":"publish","type":"post","link":"https:\/\/chacosintesis.com.ar\/index.php\/dos-detenidos-por-el-asesinato-del-penitenciario-en-saenz-pena\/","title":{"rendered":"Dos detenidos por el asesinato del penitenciario en S\u00e1enz Pe\u00f1a"},"content":{"rendered":"<div class=\"postie-post\">Seg\u00fan confirmaron fuentes de la investigaci\u00f3n  NORTE, uno de los detenidos hab\u00eda salido en libertad desde el Complejo Penitenciario Provincial ll de S\u00e1enz Pe\u00f1a hace unas pocas semanas. Mientras que el c\u00f3mplice tambi\u00e9n contar\u00eda con antecedentes penales, ligados a robos y arrebatos.<\/p>\n<p>Detuvieron a los dos motochorros que atacaron y asesinaron en la madrugada de este jueves al Penitenciario Federal, Lucas Braian Romero, cuando el efectivo llegaba a la ciudad y fue sorprendido por dos malvivientes a metros de la terminal de colectivos. Los asesinos tras huir r\u00e1pidamente luego del ataque, se llevaron un bolso que ten\u00eda la v\u00edctima.<\/p>\n<p>Se pudo saber NORTE, personal de la Divisi\u00f3n de Investigaciones de S\u00e1enz Pe\u00f1a, en una r\u00e1pida intervenci\u00f3n, gracias a las c\u00e1maras de vigilancia del municipio, pudieron identificar a los dos masculinos que se movilizaban en una motocicleta y que, tras un intento de robo, asesinaron al joven penitenciario. Los sujetos fueron detenidos y conducidos hasta la fiscal\u00eda de turno, donde tambi\u00e9n seguramente se les tomar\u00eda declaraci\u00f3n de imputados, y le dar\u00edan a conocer la situaci\u00f3n procesal.<br \/>\nSali\u00f3 en libertad hace una semana<br \/>\nSeg\u00fan confirmaron fuentes de la investigaci\u00f3n, que uno de los motochorros que sorprendieron a Braian Romero, hab\u00eda salido en libertad desde el Complejo Penitenciario Provincial ll de S\u00e1enz Pe\u00f1a hace unas pocas semanas. Mientras que el supuesto c\u00f3mplice tambi\u00e9n contar\u00eda con antecedentes penales, ligados a robos y arrebatos.<br \/>\nSi bien los dos supuestos atacantes fueron detenidos, faltar\u00eda determinar qui\u00e9n fue el que asesino al penitenciario. De todas maneras, su c\u00f3mplice tambi\u00e9n tendr\u00eda una imputaci\u00f3n grave teniendo en cuenta que mataron a una persona, en una figura de supuesto homicidio agravado, que tiene una pena de reclusi\u00f3n perpetua.<br \/>\nPedido de justicia<br \/>\nSe pudo saber que ni bien asesinaron al penitenciario, familiares y allegados a la v\u00edctima llegaron hasta el lugar de los hechos, donde se pudo ver escenas desgarradoras por parte de los conocidos. Vecinos de la zona a la terminal de colectivos volvieron a pedir m\u00e1s seguridad para toda esa zona, dijeron que &#8220;mucha gente es v\u00edctima de ataques continuos, y siempre se dijo que en cualquier momento matar\u00edan a una persona, hasta que sucedi\u00f3&#8221;, cont\u00f3 un vendedor ambulante del lugar.<br \/>\n&#8220;Vemos como muchas veces en algunos casos, sobre todo mujeres en motocicletas, llegan a la terminal asustadas porque tuvieron que huir de los posibles atacantes en la modalidad de motochorros&#8221;, cont\u00f3 otra de las personas que trabajan en la zona de la terminal de colectivos.<br \/>\n DIARIO NORTE.-<\/p>\n<\/div>\n","protected":false},"excerpt":{"rendered":"<p>Seg\u00fan confirmaron fuentes de la investigaci\u00f3n NORTE, uno de los detenidos hab\u00eda salido en libertad desde el Complejo Penitenciario Provincial ll de S\u00e1enz Pe\u00f1a hace unas pocas semanas. Mientras que el c\u00f3mplice tambi\u00e9n contar\u00eda con antecedentes penales, ligados a robos y arrebatos. Detuvieron a los dos motochorros que atacaron y asesinaron en la madrugada de [&hellip;]<\/p>\n","protected":false},"author":1,"featured_media":27199,"comment_status":"closed","ping_status":"closed","sticky":false,"template":"","format":"standard","meta":{"footnotes":""},"categories":[6],"tags":[197],"class_list":{"0":"post-27198","1":"post","2":"type-post","3":"status-publish","4":"format-standard","5":"has-post-thumbnail","7":"category-chaco","8":"tag-destacada"},"_links":{"self":[{"href":"https:\/\/chacosintesis.com.ar\/index.php\/wp-json\/wp\/v2\/posts\/27198","targetHints":{"allow":["GET"]}}],"collection":[{"href":"https:\/\/chacosintesis.com.ar\/index.php\/wp-json\/wp\/v2\/posts"}],"about":[{"href":"https:\/\/chacosintesis.com.ar\/index.php\/wp-json\/wp\/v2\/types\/post"}],"author":[{"embeddable":true,"href":"https:\/\/chacosintesis.com.ar\/index.php\/wp-json\/wp\/v2\/users\/1"}],"replies":[{"embeddable":true,"href":"https:\/\/chacosintesis.com.ar\/index.php\/wp-json\/wp\/v2\/comments?post=27198"}],"version-history":[{"count":0,"href":"https:\/\/chacosintesis.com.ar\/index.php\/wp-json\/wp\/v2\/posts\/27198\/revisions"}],"wp:featuredmedia":[{"embeddable":true,"href":"https:\/\/chacosintesis.com.ar\/index.php\/wp-json\/wp\/v2\/media\/27199"}],"wp:attachment":[{"href":"https:\/\/chacosintesis.com.ar\/index.php\/wp-json\/wp\/v2\/media?parent=27198"}],"wp:term":[{"taxonomy":"category","embeddable":true,"href":"https:\/\/chacosintesis.com.ar\/index.php\/wp-json\/wp\/v2\/categories?post=27198"},{"taxonomy":"post_tag","embeddable":true,"href":"https:\/\/chacosintesis.com.ar\/index.php\/wp-json\/wp\/v2\/tags?post=27198"}],"curies":[{"name":"wp","href":"https:\/\/api.w.org\/{rel}","templated":true}]}}