{"id":27194,"date":"2023-09-21T15:41:11","date_gmt":"2023-09-21T18:41:11","guid":{"rendered":"https:\/\/chacosintesis.com.ar\/?p=27194"},"modified":"2023-09-21T16:07:02","modified_gmt":"2023-09-21T19:07:02","slug":"nueva-entrega-de-tablets-en-el-chaco-es-una-herramienta-tecnologica-fundamental-destacan","status":"publish","type":"post","link":"https:\/\/chacosintesis.com.ar\/index.php\/nueva-entrega-de-tablets-en-el-chaco-es-una-herramienta-tecnologica-fundamental-destacan\/","title":{"rendered":"Nueva entrega de tablets en el Chaco: \u201cEs una herramienta tecnol\u00f3gica fundamental\u201d, destacan"},"content":{"rendered":"<div class=\"postie-post\">Este beneficio alcanza a un gran n\u00famero de chaque\u00f1os y chaque\u00f1as contemplados bajo los requisitos del Programa Nacional \u201cConectando con Vos\u201d, para facilitar el acceso a herramientas tecnol\u00f3gicas.<br \/>\nEste jueves desde el microestadio del club Sarmiento de Resistencia se dio inicio a la entrega de tablets para diferentes grupos poblacionales de la provincia del Chaco, en marco del programa \u201cConectando con Vos\u201d que lleva adelante el Ente Nacional de Comunicaciones (ENACOM) para acortar la brecha digital entre estudiantes y personas de bajos recursos.<br \/>\nSobre esto estuvo hablando la subsecretaria de Juventudes y Diversidad, Julieta Campo, en Radio Provincia del Chaco, donde remarc\u00f3 que es una actividad que genera \u201cmucha alegr\u00eda\u201d, y explic\u00f3 que se trata de \u201cun trabajo articulado entre el Gobierno Provincial y Nacional para entregar tablets en grupos de diferentes edades, pero particularmente para insertarse educativamente y poder estudiar con esta herramienta\u201d. Le entrega se har\u00e1 hasta las 15:30 en las instalaciones del club.<br \/>\n\u201cEs una alegr\u00eda enorme poder hacer realidad las ideas que tenemos, que tienen que ver con mayor inclusi\u00f3n para estas personas que por primera vez acceden a una herramienta tecnol\u00f3gica fundamental. Ser\u00eda la \u00faltima entrega del a\u00f1o\u201d, coment\u00f3 Campo, y record\u00f3 que \u201cdesde el 2015 cuando el Gobierno de Mauricio Macri se dedic\u00f3 a destrucir todas las pol\u00edticas de inclusi\u00f3n tecnol\u00f3gica-educativa, nosotros hemos tomado, desde el 2019, la bandera de los derechos para la inclusi\u00f3n, y la tecnolog\u00eda es ua herramienta fundamental para estudiar, trabajar, y porsupuesto para disfrutar. Estamos muy contentos de poder hacerlas realidad\u201d.<br \/>\nDetalles del programa<br \/>\nEl programa Conectando con vos promueve el acceso a equipamiento que facilite la inserci\u00f3n, integraci\u00f3n y desarrollo social mediante el uso de tecnolog\u00edas de la informaci\u00f3n y las comunicaciones (TICs). Y est\u00e1 destinado a:<br \/>\n\u2022 Personas beneficiarias de la Asignaci\u00f3n Universal por Hijo y la Asignaci\u00f3n por Embarazo, sus hijos, hijas y quienes est\u00e9n bajo su tenencia y tengan entre 16 y 18 a\u00f1os, y miembros de su grupo familiar: padre, madre, c\u00f3nyuge o conviviente.<br \/>\n\u2022 Personas beneficiarias de pensiones no contributivas que tengan ingresos mensuales brutos no superiores a 2 Salarios M\u00ednimos Vitales y M\u00f3viles y sus hijos, hijas y quienes est\u00e9n bajo su tenencia y tengan entre 16 y 18 a\u00f1os.<br \/>\n\u2022 Personas inscriptas en el r\u00e9gimen de Monotributo Social, sus hijos, hijas y quienes est\u00e9n bajo su tenencia y tengan entre 16 y 18 a\u00f1os.<br \/>\n\u2022 Personas jubiladas, pensionadas o trabajadoras en relaci\u00f3n de dependencia que reciban una remuneraci\u00f3n bruta menor o igual a 2 Salarios M\u00ednimos Vitales y M\u00f3viles. Tambi\u00e9n sus hijos, hijas y quienes est\u00e9n bajo su tenencia y tengan entre 16 y 18 a\u00f1os.<br \/>\n\u2022 Monotributistas de las categor\u00edas correspondientes a quienes tienen ingresos que no superan 2 Salarios M\u00ednimos Vitales y M\u00f3viles. Tambi\u00e9n sus hijos, hijas y quienes est\u00e9n bajo su tenencia y tengan entre 16 y 18 a\u00f1os.<br \/>\n\u2022 Personas que reciban el seguro de desempleo y sus hijos, hijas y quienes est\u00e9n bajo su tenencia y tengan entre 16 y 18 a\u00f1os.<br \/>\n\u2022 Personas incorporadas en el r\u00e9gimen de seguridad social para empleados de casas particulares (Ley N\u00b0 26.844). Tambi\u00e9n sus hijos, hijas y quienes est\u00e9n bajo su tenencia y tengan entre 16 y 18 a\u00f1os.<br \/>\n\u2022 Personas que reciban una beca Progresar.<br \/>\n\u2022 Personas desocupadas o que se desempe\u00f1en en la econom\u00eda informal y sus hijos, hijas y quienes est\u00e9n bajo su tenencia y tengan entre 16 y 18 a\u00f1os.<br \/>\n\u2022 Personas beneficiarias de programas sociales y sus hijos, hijas y quienes est\u00e9n bajo su tenencia y tengan entre 16 y 18 a\u00f1os.<br \/>\n\u2022 Clubes de Barrio y de Pueblo registrados.<br \/>\n\u2022 Asociaciones de Bomberos Voluntarios registrados.<br \/>\n\u2022 Entidades de bien p\u00fablico como asociaciones civiles, simples asociaciones, fundaciones sin fines de lucro y organizaciones comunitarias sin fines de lucro con reconocimiento municipal, inscriptas ante el Centro Nacional de Organizaciones de la Comunidad (CENOC).<br \/>\n\u2022 Personas beneficiarias del programa Conectar Igualdad.<br \/>\n\u2022 Habitantes de barrios populares inscriptos en el Registro Nacional de Barrios Populares (RENABAP).<br \/>\n\u2022 J\u00f3venes entre 15 y 25 a\u00f1os de edad incluidos en programas nacionales, provinciales o municipales de apoyo educativo o revinculaci\u00f3n educativa. Los programas pueden ser de nivel medio, escuela para adultos, terciaria, universitaria u otra de gesti\u00f3n estatal.<br \/>\n\u2022 J\u00f3venes entre 15 y 25 a\u00f1os de edad inscriptos en escuelas de formaci\u00f3n laboral o de cursos de capacitaci\u00f3n laboral o de oficios acreditados ante el Ministerio de Trabajo, Empleo y Seguridad Social.<br \/>\n\u2022 J\u00f3venes entre 15 y 25 a\u00f1os de edad beneficiarios de los Programas de promoci\u00f3n de empleo del Ministerio de Trabajo, Empleo y Seguridad Social.<br \/>\n\u2022 J\u00f3venes entre 15 y 25 a\u00f1os de edad que participen de proyectos culturales, deportivos, sociales, entre otros, impulsados por el Gobierno Nacional, los Gobiernos Provinciales o Municipales.<\/div>\n","protected":false},"excerpt":{"rendered":"<p>Este beneficio alcanza a un gran n\u00famero de chaque\u00f1os y chaque\u00f1as contemplados bajo los requisitos del Programa Nacional \u201cConectando con Vos\u201d, para facilitar el acceso a herramientas tecnol\u00f3gicas. Este jueves desde el microestadio del club Sarmiento de Resistencia se dio inicio a la entrega de tablets para diferentes grupos poblacionales de la provincia del Chaco, [&hellip;]<\/p>\n","protected":false},"author":1,"featured_media":27195,"comment_status":"closed","ping_status":"closed","sticky":false,"template":"","format":"standard","meta":{"footnotes":""},"categories":[6],"tags":[],"class_list":{"0":"post-27194","1":"post","2":"type-post","3":"status-publish","4":"format-standard","5":"has-post-thumbnail","7":"category-chaco"},"_links":{"self":[{"href":"https:\/\/chacosintesis.com.ar\/index.php\/wp-json\/wp\/v2\/posts\/27194","targetHints":{"allow":["GET"]}}],"collection":[{"href":"https:\/\/chacosintesis.com.ar\/index.php\/wp-json\/wp\/v2\/posts"}],"about":[{"href":"https:\/\/chacosintesis.com.ar\/index.php\/wp-json\/wp\/v2\/types\/post"}],"author":[{"embeddable":true,"href":"https:\/\/chacosintesis.com.ar\/index.php\/wp-json\/wp\/v2\/users\/1"}],"replies":[{"embeddable":true,"href":"https:\/\/chacosintesis.com.ar\/index.php\/wp-json\/wp\/v2\/comments?post=27194"}],"version-history":[{"count":0,"href":"https:\/\/chacosintesis.com.ar\/index.php\/wp-json\/wp\/v2\/posts\/27194\/revisions"}],"wp:featuredmedia":[{"embeddable":true,"href":"https:\/\/chacosintesis.com.ar\/index.php\/wp-json\/wp\/v2\/media\/27195"}],"wp:attachment":[{"href":"https:\/\/chacosintesis.com.ar\/index.php\/wp-json\/wp\/v2\/media?parent=27194"}],"wp:term":[{"taxonomy":"category","embeddable":true,"href":"https:\/\/chacosintesis.com.ar\/index.php\/wp-json\/wp\/v2\/categories?post=27194"},{"taxonomy":"post_tag","embeddable":true,"href":"https:\/\/chacosintesis.com.ar\/index.php\/wp-json\/wp\/v2\/tags?post=27194"}],"curies":[{"name":"wp","href":"https:\/\/api.w.org\/{rel}","templated":true}]}}